{"id":19807,"date":"2024-06-10T22:00:56","date_gmt":"2024-06-11T01:00:56","guid":{"rendered":"https:\/\/dgospel.com.br\/portal\/?p=19807"},"modified":"2024-06-10T22:00:57","modified_gmt":"2024-06-11T01:00:57","slug":"parlamento-europeu-imprensa-esconde-derrota-da-esquerda","status":"publish","type":"post","link":"https:\/\/dgospel.com.br\/portal\/index.php\/2024\/06\/10\/parlamento-europeu-imprensa-esconde-derrota-da-esquerda\/","title":{"rendered":"Parlamento Europeu: Imprensa esconde derrota da esquerda"},"content":{"rendered":"\n<p>Os resultados pr\u00e9vios das elei\u00e7\u00f5es para o Parlamento Europeu realizadas entre a \u00faltima quinta-feira (6) e este domingo (9) j\u00e1 mostram um claro avan\u00e7o da direita e uma derrota evidente da esquerda no pleito. No entanto, o que se viu at\u00e9 agora nas p\u00e1ginas dos principais ve\u00edculos de imprensa do Brasil e do exterior foi pouco ou nenhum espa\u00e7o para abordagens do fracasso esquerdista.<\/p>\n\n\n\n<p>Na imprensa nacional, ve\u00edculos de maior porte, como G1, UOL e Folha, noticiaram o avan\u00e7o do que chamaram de \u201cextrema-direita\u201d ou \u201cultradireita\u201d. O portal de not\u00edcias do Grupo Globo, por sinal, afirmou que \u201cpartidos do centro devem manter controle do Parlamento Europeu mesmo com avan\u00e7o da ultradireita\u201d.<\/p>\n\n\n\n<p>J\u00e1 o UOL, que publicou uma reportagem com o t\u00edtulo:&nbsp;<em>Onda da extrema-direita sacode UE e Macron anuncia dissolu\u00e7\u00e3o de Parlamento<\/em>, se utilizou de um expediente carregado de clich\u00eas e termos pejorativos ao dizer que os resultados parciais no continente registraram \u201cum avan\u00e7o significativo de partidos ultraconservadores, populistas, xen\u00f3fobos e de extrema-direita\u201d.<\/p>\n\n\n\n<p>A Folha tamb\u00e9m focou seu conte\u00fado nos direitistas ao dizer que a \u201cultradireita avan\u00e7a, mas centro mant\u00e9m lideran\u00e7a no Parlamento Europeu\u201d. No texto, s\u00e3o citadas in\u00fameras informa\u00e7\u00f5es que comprovam a evolu\u00e7\u00e3o do bloco \u00e0 direita, mas poucas linhas s\u00e3o dedicadas \u00e0 derrocada da esquerda, exceto por um curto par\u00e1grafo sobre a \u201cderrota expressiva\u201d sofrida pelo grupo dos Verdes.<\/p>\n\n\n\n<p>Na imprensa internacional, o foco n\u00e3o foi diferente. No americano The New York Times, por exemplo, a reportagem sobre a elei\u00e7\u00e3o europeia trouxe a manchete:&nbsp;<em>Nas elei\u00e7\u00f5es da UE, o centro mant\u00e9m-se, mas a extrema direita ainda causa estragos.<\/em>&nbsp;No conte\u00fado, o ve\u00edculo tamb\u00e9m n\u00e3o discorre sobre a queda da esquerda e diz que grupos \u201ccentristas\u201d estavam prestes a perder assentos.<\/p>\n\n\n\n<p>Na Fran\u00e7a, o Le Monde repercutiu a decis\u00e3o do presidente Emmanuel Macron de dissolver o Parlamento de seu pa\u00eds diante do fracasso de seu partido no pleito europeu. O jornal franc\u00eas tamb\u00e9m deu grande destaque para a evolu\u00e7\u00e3o do Rassemblement National (Reagrupamento Nacional, em portugu\u00eas), da direitista Marine Le Pen, na elei\u00e7\u00e3o para o Parlamento continental.<\/p>\n\n\n\n<p>Ve\u00edculos brit\u00e2nicos como o The Times e o Daily Mail tamb\u00e9m trataram a elei\u00e7\u00e3o europeia apenas sob a \u00f3tica de vit\u00f3ria da direita e da decis\u00e3o de Macron de dissolver o Parlamento franc\u00eas. O The Times, por sinal, chegou at\u00e9 a dizer que a decis\u00e3o de Macron, segundo comentaristas pol\u00edticos franceses, seria um \u201csuic\u00eddio pol\u00edtico\u201d. Sobre uma derrota da esquerda, nada foi escrito.<\/p>\n\n\n\n<p>Outros jornais de grande porte ao redor do mundo, como o El Pa\u00eds (Espanha), o La Naci\u00f3n (Argentina), o Bild (Alemanha) e o Le Soir (B\u00e9lgica) seguiram no mesmo rumo de direcionar seus notici\u00e1rios para a repercuss\u00e3o que o certame pol\u00edtico europeu teve na Fran\u00e7a. Em todos eles, o fortalecimento da direita, por vezes com a alcunha de \u201cextrema\u201d, tamb\u00e9m permeou as manchetes.<\/p>\n\n\n\n<figure class=\"wp-block-image\"><img src=\"https:\/\/static.cdn.pleno.news\/2024\/06\/Screenshot_95-768x495.jpg\" alt=\"Not\u00edcias sobre a elei\u00e7\u00e3o para Parlamento Europeu\" title=\"Not\u00edcias sobre a elei\u00e7\u00e3o para Parlamento Europeu\"\/><figcaption>Not\u00edcias sobre a elei\u00e7\u00e3o para Parlamento Europeu&nbsp;\/ Foto: Reprodu\u00e7\u00e3o\/Prints da Web<\/figcaption><\/figure>\n\n\n\n<figure class=\"wp-block-image\"><img src=\"https:\/\/static.cdn.pleno.news\/2024\/06\/Screenshot_94-768x474.jpg\" alt=\"Not\u00edcias sobre a elei\u00e7\u00e3o para Parlamento Europeu\" title=\"Not\u00edcias sobre a elei\u00e7\u00e3o para Parlamento Europeu\"\/><figcaption>Not\u00edcias sobre a elei\u00e7\u00e3o para Parlamento Europeu&nbsp;\/ Foto: Reprodu\u00e7\u00e3o\/Prints da Web<\/figcaption><\/figure>\n\n\n\n<figure class=\"wp-block-image\"><img src=\"https:\/\/static.cdn.pleno.news\/2024\/06\/Screenshot_93-768x560.jpg\" alt=\"Not\u00edcias sobre a elei\u00e7\u00e3o para Parlamento Europeu\" title=\"Not\u00edcias sobre a elei\u00e7\u00e3o para Parlamento Europeu\"\/><figcaption>Not\u00edcias sobre a elei\u00e7\u00e3o para Parlamento Europeu&nbsp;\/ Foto: Reprodu\u00e7\u00e3o\/Prints da Web<\/figcaption><\/figure>\n\n\n\n<figure class=\"wp-block-image\"><img src=\"https:\/\/static.cdn.pleno.news\/2024\/06\/Screenshot_92-768x538.jpg\" alt=\"Not\u00edcias sobre a elei\u00e7\u00e3o para Parlamento Europeu\" title=\"Not\u00edcias sobre a elei\u00e7\u00e3o para Parlamento Europeu\"\/><figcaption>Not\u00edcias sobre a elei\u00e7\u00e3o para Parlamento Europeu&nbsp;\/ Foto: Reprodu\u00e7\u00e3o\/Prints da Web<\/figcaption><\/figure>\n\n\n\n<figure class=\"wp-block-image\"><img src=\"https:\/\/static.cdn.pleno.news\/2024\/06\/Screenshot_91-768x343.jpg\" alt=\"Not\u00edcias sobre a elei\u00e7\u00e3o para Parlamento Europeu\" title=\"Not\u00edcias sobre a elei\u00e7\u00e3o para Parlamento Europeu\"\/><figcaption>Not\u00edcias sobre a elei\u00e7\u00e3o para Parlamento Europeu&nbsp;\/ Foto: Reprodu\u00e7\u00e3o\/Prints da Web<\/figcaption><\/figure>\n\n\n\n<figure class=\"wp-block-image\"><img src=\"https:\/\/static.cdn.pleno.news\/2024\/06\/Screenshot_90-768x511.jpg\" alt=\"Not\u00edcias sobre a elei\u00e7\u00e3o para Parlamento Europeu\" title=\"Not\u00edcias sobre a elei\u00e7\u00e3o para Parlamento Europeu\"\/><figcaption>Not\u00edcias sobre a elei\u00e7\u00e3o para Parlamento Europeu&nbsp;\/ Foto: Reprodu\u00e7\u00e3o\/Prints da Web<\/figcaption><\/figure>\n\n\n\n<figure class=\"wp-block-image\"><img src=\"https:\/\/static.cdn.pleno.news\/2024\/06\/Screenshot_89-768x494.jpg\" alt=\"Not\u00edcias sobre a elei\u00e7\u00e3o para Parlamento Europeu\" title=\"Not\u00edcias sobre a elei\u00e7\u00e3o para Parlamento Europeu\"\/><figcaption>Not\u00edcias sobre a elei\u00e7\u00e3o para Parlamento Europeu&nbsp;\/ Foto: Reprodu\u00e7\u00e3o\/Prints da Web<\/figcaption><\/figure>\n\n\n\n<figure class=\"wp-block-image\"><img src=\"https:\/\/static.cdn.pleno.news\/2024\/06\/Screenshot_88-768x538.jpg\" alt=\"Not\u00edcias sobre a elei\u00e7\u00e3o para Parlamento Europeu\" title=\"Not\u00edcias sobre a elei\u00e7\u00e3o para Parlamento Europeu\"\/><figcaption>Not\u00edcias sobre a elei\u00e7\u00e3o para Parlamento Europeu&nbsp;\/ Foto: Reprodu\u00e7\u00e3o\/Prints da Web<\/figcaption><\/figure>\n\n\n\n<figure class=\"wp-block-image\"><img src=\"https:\/\/static.cdn.pleno.news\/2024\/06\/Screenshot_87-768x612.jpg\" alt=\"Not\u00edcias sobre a elei\u00e7\u00e3o para Parlamento Europeu\" title=\"Not\u00edcias sobre a elei\u00e7\u00e3o para Parlamento Europeu\"\/><figcaption>Not\u00edcias sobre a elei\u00e7\u00e3o para Parlamento Europeu&nbsp;\/ Foto: Reprodu\u00e7\u00e3o\/Prints da Web<\/figcaption><\/figure>\n\n\n\n<figure class=\"wp-block-image\"><img src=\"https:\/\/static.cdn.pleno.news\/2024\/06\/Screenshot_86-768x534.jpg\" alt=\"Not\u00edcias sobre a elei\u00e7\u00e3o para Parlamento Europeu\" title=\"Not\u00edcias sobre a elei\u00e7\u00e3o para Parlamento Europeu\"\/><figcaption>Not\u00edcias sobre a elei\u00e7\u00e3o para Parlamento Europeu&nbsp;\/ Foto: Reprodu\u00e7\u00e3o\/Prints da Web<\/figcaption><\/figure>\n\n\n\n<figure class=\"wp-block-image\"><img src=\"https:\/\/static.cdn.pleno.news\/2024\/06\/Screenshot_85-768x576.jpg\" alt=\"Not\u00edcias sobre a elei\u00e7\u00e3o para Parlamento Europeu\" title=\"Not\u00edcias sobre a elei\u00e7\u00e3o para Parlamento Europeu\"\/><figcaption>Not\u00edcias sobre a elei\u00e7\u00e3o para Parlamento Europeu&nbsp;\/ Foto: Reprodu\u00e7\u00e3o\/Prints da Web<\/figcaption><\/figure>\n\n\n\n<ul><li>1&nbsp;de 11<\/li><\/ul>\n\n\n\n<p><strong>SOBRE AS ELEI\u00c7\u00d5ES<br><\/strong>Segundo as proje\u00e7\u00f5es atualizadas na manh\u00e3 desta segunda (10) pela comiss\u00e3o eleitoral, o Partido Popular Europeu, de centro-direita, havia conquistado dez cadeiras a mais no Legislativo continental, chegando a 186 eurodeputados, mantendo assim a maior bancada.<\/p>\n\n\n\n<p>Outras representa\u00e7\u00f5es de direita e centro-direita tamb\u00e9m ampliaram seus espa\u00e7os dentro do Parlamento continental da Europa, como os direitistas Grupo Europeu de Conservadores e Reformistas, que saltou de 69 para 73 parlamentares; e Identidade e Democracia, que avan\u00e7ou de 49 para 58 eurodeputados, impulsionado pelos 30 assentos obtidos na Fran\u00e7a.<\/p>\n\n\n\n<p>A esquerda, por outro lado, viu suas bancadas diminu\u00edrem dentro do Parlamento Europeu. O principal grupo de centro-esquerda, a Alian\u00e7a Progressista dos Socialistas e Democratas, perdeu cinco assentos e caiu de 139 para 134 eurodeputados. J\u00e1 o grupo intitulado A Esquerda perdeu uma vaga, reduzindo seu espa\u00e7o de 37 para 36 congressistas.<\/p>\n\n\n\n<p>O grande perdedor da esquerda\/centro-esquerda, no entanto, foi o chamado Grupo dos Verdes\/Alian\u00e7a Livre Europeia, cuja bancada era de 71 eurodeputados na atual composi\u00e7\u00e3o, n\u00famero que, nas previs\u00f5es mais recentes, est\u00e1 caindo para 53 parlamentares. Ou seja, as principais representa\u00e7\u00f5es de esquerda ca\u00edram de 247 para 223 assentos.<\/p>\n","protected":false},"excerpt":{"rendered":"<p>Os resultados pr\u00e9vios das elei\u00e7\u00f5es para o Parlamento Europeu realizadas entre a \u00faltima quinta-feira (6) e este domingo (9) j\u00e1 mostram um claro avan\u00e7o da direita e uma derrota evidente da esquerda no pleito. No entanto, o que se viu at\u00e9 agora nas p\u00e1ginas dos principais ve\u00edculos de imprensa do Brasil e do exterior foi [&hellip;]<\/p>\n","protected":false},"author":2,"featured_media":19808,"comment_status":"open","ping_status":"open","sticky":false,"template":"","format":"standard","meta":[],"categories":[12,10],"tags":[],"_links":{"self":[{"href":"https:\/\/dgospel.com.br\/portal\/index.php\/wp-json\/wp\/v2\/posts\/19807"}],"collection":[{"href":"https:\/\/dgospel.com.br\/portal\/index.php\/wp-json\/wp\/v2\/posts"}],"about":[{"href":"https:\/\/dgospel.com.br\/portal\/index.php\/wp-json\/wp\/v2\/types\/post"}],"author":[{"embeddable":true,"href":"https:\/\/dgospel.com.br\/portal\/index.php\/wp-json\/wp\/v2\/users\/2"}],"replies":[{"embeddable":true,"href":"https:\/\/dgospel.com.br\/portal\/index.php\/wp-json\/wp\/v2\/comments?post=19807"}],"version-history":[{"count":1,"href":"https:\/\/dgospel.com.br\/portal\/index.php\/wp-json\/wp\/v2\/posts\/19807\/revisions"}],"predecessor-version":[{"id":19809,"href":"https:\/\/dgospel.com.br\/portal\/index.php\/wp-json\/wp\/v2\/posts\/19807\/revisions\/19809"}],"wp:featuredmedia":[{"embeddable":true,"href":"https:\/\/dgospel.com.br\/portal\/index.php\/wp-json\/wp\/v2\/media\/19808"}],"wp:attachment":[{"href":"https:\/\/dgospel.com.br\/portal\/index.php\/wp-json\/wp\/v2\/media?parent=19807"}],"wp:term":[{"taxonomy":"category","embeddable":true,"href":"https:\/\/dgospel.com.br\/portal\/index.php\/wp-json\/wp\/v2\/categories?post=19807"},{"taxonomy":"post_tag","embeddable":true,"href":"https:\/\/dgospel.com.br\/portal\/index.php\/wp-json\/wp\/v2\/tags?post=19807"}],"curies":[{"name":"wp","href":"https:\/\/api.w.org\/{rel}","templated":true}]}}