{"id":19810,"date":"2024-06-10T22:20:26","date_gmt":"2024-06-11T01:20:26","guid":{"rendered":"https:\/\/dgospel.com.br\/portal\/?p=19810"},"modified":"2024-06-10T22:20:28","modified_gmt":"2024-06-11T01:20:28","slug":"governo-do-tocantins-inaugura-a-nova-ponte-de-porto-nacional-nesta-sexta-feira-14","status":"publish","type":"post","link":"https:\/\/dgospel.com.br\/portal\/index.php\/2024\/06\/10\/governo-do-tocantins-inaugura-a-nova-ponte-de-porto-nacional-nesta-sexta-feira-14\/","title":{"rendered":"Governo do Tocantins inaugura a nova ponte de Porto Nacional nesta sexta-feira, 14"},"content":{"rendered":"\n<p>O Governo do Tocantins inaugura a nova ponte de Porto Nacional \u00e0s 17 horas desta sexta-feira, 14. A obra, que j\u00e1 vem transformando o cen\u00e1rio de uma das cidades mais exponenciais do Estado, \u00e9, nos dias atuais, o maior projeto de infraestrutura em andamento no Tocantins.&nbsp;<\/p>\n\n\n\n<p>&#8220;Com a sensa\u00e7\u00e3o de dever cumprido e grande orgulho, convido a todos para a inaugura\u00e7\u00e3o da ponte de Porto Nacional. Este marco hist\u00f3rico representa um avan\u00e7o significativo para a regi\u00e3o, conectando diversos munic\u00edpios a Porto Nacional e a capital Palmas, facilitando tanto o escoamento da produ\u00e7\u00e3o quanto melhorando o fluxo de passageiros. Para tanto, venham celebrar conosco essa conquista de cada tocantinense e que trar\u00e1 in\u00fameros benef\u00edcios para todos&#8221;, destaca o governador do Tocantins, Wanderlei Barbosa.<\/p>\n\n\n\n<p><strong>Ponte de Porto<\/strong><\/p>\n\n\n\n<p>Localizada estrategicamente sobre o Rio Tocantins, a ponte de Porto Nacional \u00e9 um elo vital na rede de transporte do Estado, conectando regi\u00f5es, facilitando o fluxo de pessoas e mercadorias. Com um total de 90 vigas que comp\u00f5em sua estrutura, a ponte teve um investimento de R$ 149 milh\u00f5es, proveniente do Governo do Tocantins em parceria com o Banco de Bras\u00edlia. A estrutura estende-se por 1.088 metros, al\u00e9m dos encabe\u00e7amentos de 200 metros de cada lado, totalizando 1.488 metros.<\/p>\n\n\n\n<p><strong>Show nacional<\/strong><\/p>\n\n\n\n<p>Para celebrar este momento hist\u00f3rico, a inaugura\u00e7\u00e3o contar\u00e1 com o show de Manu Bahtid\u00e3o. A artista de reconhecimento nacional se apresenta&nbsp;no palco, que ser\u00e1 montado ao lado da ponte, na rodovia TO-050, \u00e0s 20 horas.<\/p>\n\n\n\n<p>Ap\u00f3s Manu Bahtid\u00e3o, sobe ao palco a Banda Forr\u00f3 Sacode.<\/p>\n\n\n\n<p>O evento contar\u00e1 ainda com a presen\u00e7a de autoridades, empres\u00e1rios e a comunidade em geral.<\/p>\n\n\n\n<p><img src=\"https:\/\/central.to.gov.br\/image\/380390?w=670&amp;h=383\"><\/p>\n\n\n\n<p>Governador Wanderlei Barbosa inspeciona a conclus\u00e3o da ponte de Porto Nacional, a maior obra de infraestrutura do Tocantins &#8211; Esequias Ara\u00fajo\/Governo do Tocantins\u00a0<\/p>\n","protected":false},"excerpt":{"rendered":"<p>O Governo do Tocantins inaugura a nova ponte de Porto Nacional \u00e0s 17 horas desta sexta-feira, 14. A obra, que j\u00e1 vem transformando o cen\u00e1rio de uma das cidades mais exponenciais do Estado, \u00e9, nos dias atuais, o maior projeto de infraestrutura em andamento no Tocantins.&nbsp; &#8220;Com a sensa\u00e7\u00e3o de dever cumprido e grande orgulho, [&hellip;]<\/p>\n","protected":false},"author":2,"featured_media":19811,"comment_status":"open","ping_status":"open","sticky":false,"template":"","format":"standard","meta":[],"categories":[3],"tags":[13],"_links":{"self":[{"href":"https:\/\/dgospel.com.br\/portal\/index.php\/wp-json\/wp\/v2\/posts\/19810"}],"collection":[{"href":"https:\/\/dgospel.com.br\/portal\/index.php\/wp-json\/wp\/v2\/posts"}],"about":[{"href":"https:\/\/dgospel.com.br\/portal\/index.php\/wp-json\/wp\/v2\/types\/post"}],"author":[{"embeddable":true,"href":"https:\/\/dgospel.com.br\/portal\/index.php\/wp-json\/wp\/v2\/users\/2"}],"replies":[{"embeddable":true,"href":"https:\/\/dgospel.com.br\/portal\/index.php\/wp-json\/wp\/v2\/comments?post=19810"}],"version-history":[{"count":1,"href":"https:\/\/dgospel.com.br\/portal\/index.php\/wp-json\/wp\/v2\/posts\/19810\/revisions"}],"predecessor-version":[{"id":19812,"href":"https:\/\/dgospel.com.br\/portal\/index.php\/wp-json\/wp\/v2\/posts\/19810\/revisions\/19812"}],"wp:featuredmedia":[{"embeddable":true,"href":"https:\/\/dgospel.com.br\/portal\/index.php\/wp-json\/wp\/v2\/media\/19811"}],"wp:attachment":[{"href":"https:\/\/dgospel.com.br\/portal\/index.php\/wp-json\/wp\/v2\/media?parent=19810"}],"wp:term":[{"taxonomy":"category","embeddable":true,"href":"https:\/\/dgospel.com.br\/portal\/index.php\/wp-json\/wp\/v2\/categories?post=19810"},{"taxonomy":"post_tag","embeddable":true,"href":"https:\/\/dgospel.com.br\/portal\/index.php\/wp-json\/wp\/v2\/tags?post=19810"}],"curies":[{"name":"wp","href":"https:\/\/api.w.org\/{rel}","templated":true}]}}