{"id":19813,"date":"2024-06-10T22:23:01","date_gmt":"2024-06-11T01:23:01","guid":{"rendered":"https:\/\/dgospel.com.br\/portal\/?p=19813"},"modified":"2024-06-10T22:23:03","modified_gmt":"2024-06-11T01:23:03","slug":"seguranca-publica-realiza-curso-voltado-ao-planejamento-e-a-qualificacao-de-operacoes-contra-organizacoes-criminosas","status":"publish","type":"post","link":"https:\/\/dgospel.com.br\/portal\/index.php\/2024\/06\/10\/seguranca-publica-realiza-curso-voltado-ao-planejamento-e-a-qualificacao-de-operacoes-contra-organizacoes-criminosas\/","title":{"rendered":"Seguran\u00e7a P\u00fablica realiza curso voltado ao planejamento e \u00e0 qualifica\u00e7\u00e3o de opera\u00e7\u00f5es contra organiza\u00e7\u00f5es criminosas"},"content":{"rendered":"\n<p>Com foco em uma maior qualifica\u00e7\u00e3o das opera\u00e7\u00f5es, policiais civis participam durante toda esta semana, de 10 a 14 de junho, da&nbsp;<em>1\u00aa Edi\u00e7\u00e3o do Curso de Planejamento de Opera\u00e7\u00f5es de Repress\u00e3o Qualificada<\/em>, que ocorre no audit\u00f3rio da Escola Superior de Pol\u00edcia (Espol), em Palmas. O curso \u00e9 ofertado pela Secretaria de Estado da Seguran\u00e7a P\u00fablica do Tocantins, em parceria com o Minist\u00e9rio da Justi\u00e7a e Seguran\u00e7a P\u00fablica.<\/p>\n\n\n\n<p>Cedido ao Minist\u00e9rio da Justi\u00e7a, o policial tocantinense Elizeu Jos\u00e9 dos Santos ministra o curso e destaca a import\u00e2ncia do planejamento para o sucesso das opera\u00e7\u00f5es policiais. \u201cO curso visa exatamente instigar a pr\u00e1tica do planejamento nesse tipo de opera\u00e7\u00e3o, porque se torna muito complexa, por existirem muitos alvos, mandados e cautelares para se cumprir. E a\u00ed, acaba que, se n\u00e3o tiver esse planejamento pr\u00e9vio, a opera\u00e7\u00e3o pode n\u00e3o ter o sucesso devido. Assim, a ess\u00eancia deste curso \u00e9 justamente qualificar mais as investiga\u00e7\u00f5es policiais, ou seja, ele vai al\u00e9m dos m\u00e9todos tradicionais, busca crit\u00e9rios mais avan\u00e7ados, tecnol\u00f3gicos e integrados para poder investigar um crime, identificando assim toda a cadeia da organiza\u00e7\u00e3o criminosa\u201d, destacou.<\/p>\n\n\n\n<p>O instrutor destacou que, ao longo da semana, ser\u00e3o demonstradas situa\u00e7\u00f5es pr\u00e1ticas de diversos casos e situa\u00e7\u00f5es para que os alunos tenham uma melhor compreens\u00e3o sobre planejamento antes de sair a campo. \u201cA pol\u00edcia precisa ser muito mais organizada e estar sempre dois passos \u00e0 frente das organiza\u00e7\u00f5es criminosas\u201d, ressaltou.<\/p>\n\n\n\n<p>Participam do curso 36 alunos do Tocantins e um do Amap\u00e1, totalizando 37 discentes entre delegados, agentes e escriv\u00e3es.&nbsp;<\/p>\n\n\n\n<p>A diretora da Espol, Helo\u00edsa Godinho, destacou o empenho da gest\u00e3o da SSP-TO em proporcionar qualifica\u00e7\u00f5es inovadoras. \u201cAproveito a oportunidade para agradecer o nosso instrutor, que \u00e9 prata da casa e se disp\u00f4s a ministrar esse curso aos colegas tocantinenses. Agrade\u00e7o ainda a gest\u00e3o por n\u00e3o medir esfor\u00e7os para que os cursos de qualifica\u00e7\u00e3o aconte\u00e7am com o intuito de melhorar o trabalho investigativo.&nbsp;Ser\u00e1 uma semana bastante intensa e esperamos que todos fa\u00e7am bom proveito\u201d, destacou.<\/p>\n\n\n\n<p>O delegado titular da Diretoria de Repress\u00e3o \u00e0 Corrup\u00e7\u00e3o e ao Crime Organizado (Dracco), Afonso Lyra, tamb\u00e9m destacou a import\u00e2ncia da qualifica\u00e7\u00e3o. \u201cParabenizo a Espol por mais essa capacita\u00e7\u00e3o, por estar sempre buscando qualificar nossos policiais, visando otimizar o trabalho policial\u201d, concluiu.<\/p>\n\n\n\n<p><img src=\"https:\/\/central.to.gov.br\/image\/380395?w=670&amp;h=383\"><\/p>\n\n\n\n<p>Participam do curso 36 alunos do Tocantins e um do Amap\u00e1, totalizando 37 discentes entre delegados, agentes e escriv\u00e3es &#8211; Adrielly Calixto\/Governo do Tocantins\u00a0<\/p>\n","protected":false},"excerpt":{"rendered":"<p>Com foco em uma maior qualifica\u00e7\u00e3o das opera\u00e7\u00f5es, policiais civis participam durante toda esta semana, de 10 a 14 de junho, da&nbsp;1\u00aa Edi\u00e7\u00e3o do Curso de Planejamento de Opera\u00e7\u00f5es de Repress\u00e3o Qualificada, que ocorre no audit\u00f3rio da Escola Superior de Pol\u00edcia (Espol), em Palmas. O curso \u00e9 ofertado pela Secretaria de Estado da Seguran\u00e7a P\u00fablica [&hellip;]<\/p>\n","protected":false},"author":2,"featured_media":19814,"comment_status":"open","ping_status":"open","sticky":false,"template":"","format":"standard","meta":[],"categories":[3],"tags":[13],"_links":{"self":[{"href":"https:\/\/dgospel.com.br\/portal\/index.php\/wp-json\/wp\/v2\/posts\/19813"}],"collection":[{"href":"https:\/\/dgospel.com.br\/portal\/index.php\/wp-json\/wp\/v2\/posts"}],"about":[{"href":"https:\/\/dgospel.com.br\/portal\/index.php\/wp-json\/wp\/v2\/types\/post"}],"author":[{"embeddable":true,"href":"https:\/\/dgospel.com.br\/portal\/index.php\/wp-json\/wp\/v2\/users\/2"}],"replies":[{"embeddable":true,"href":"https:\/\/dgospel.com.br\/portal\/index.php\/wp-json\/wp\/v2\/comments?post=19813"}],"version-history":[{"count":1,"href":"https:\/\/dgospel.com.br\/portal\/index.php\/wp-json\/wp\/v2\/posts\/19813\/revisions"}],"predecessor-version":[{"id":19815,"href":"https:\/\/dgospel.com.br\/portal\/index.php\/wp-json\/wp\/v2\/posts\/19813\/revisions\/19815"}],"wp:featuredmedia":[{"embeddable":true,"href":"https:\/\/dgospel.com.br\/portal\/index.php\/wp-json\/wp\/v2\/media\/19814"}],"wp:attachment":[{"href":"https:\/\/dgospel.com.br\/portal\/index.php\/wp-json\/wp\/v2\/media?parent=19813"}],"wp:term":[{"taxonomy":"category","embeddable":true,"href":"https:\/\/dgospel.com.br\/portal\/index.php\/wp-json\/wp\/v2\/categories?post=19813"},{"taxonomy":"post_tag","embeddable":true,"href":"https:\/\/dgospel.com.br\/portal\/index.php\/wp-json\/wp\/v2\/tags?post=19813"}],"curies":[{"name":"wp","href":"https:\/\/api.w.org\/{rel}","templated":true}]}}