{"id":19819,"date":"2024-06-10T22:30:09","date_gmt":"2024-06-11T01:30:09","guid":{"rendered":"https:\/\/dgospel.com.br\/portal\/?p=19819"},"modified":"2024-06-10T22:30:10","modified_gmt":"2024-06-11T01:30:10","slug":"governo-do-tocantins-garante-mais-r-26-milhoes-para-a-educacao-em-parceria-com-parlamentares","status":"publish","type":"post","link":"https:\/\/dgospel.com.br\/portal\/index.php\/2024\/06\/10\/governo-do-tocantins-garante-mais-r-26-milhoes-para-a-educacao-em-parceria-com-parlamentares\/","title":{"rendered":"Governo do Tocantins garante mais R$ 26 milh\u00f5es para a educa\u00e7\u00e3o em parceria com parlamentares"},"content":{"rendered":"\n<p>Com investimentos e projetos voltados para a educa\u00e7\u00e3o estadual, o Governo do Tocantins tem garantido a primazia na libera\u00e7\u00e3o de recursos federais. Na \u00faltima sexta-feira, 7, o Fundo Nacional de Desenvolvimento da Educa\u00e7\u00e3o (FNDE) empenhou recursos no valor de R$ 26.625.951,00 destinados a investimentos na infraestrutura e aquisi\u00e7\u00e3o de novos equipamentos para escolas do sistema de ensino do Tocantins. O empenho garante, ao estado, a libera\u00e7\u00e3o dos recursos que foram destinados por meio de emendas da bancada parlamentar federal do Tocantins ao Or\u00e7amento da Uni\u00e3o 2024. A emenda \u00e9 assinada pela senadora Professora Dorinha Seabra e pelos deputados federais Vicentinho J\u00fanior, Toinho Andrade, Ricardo Ayres e Carlos Gaguim.<\/p>\n\n\n\n<p>O governador Wanderlei Barbosa afirmou que o alinhamento com a bancada federal fortalece o estado com o governo federal. &#8220;Com o apoio dos nossos parlamentares em Bras\u00edlia, estamos construindo as condi\u00e7\u00f5es favor\u00e1veis para que o governo federal compreenda a seriedade da nossa gest\u00e3o e as plenas condi\u00e7\u00f5es de execu\u00e7\u00e3o dos recursos da Uni\u00e3o de forma \u00e1gil, como a popula\u00e7\u00e3o espera. Essa \u00e9 a vis\u00e3o que tem nos permitido, juntos, levar avan\u00e7os reais aos tocantinenses em todas as \u00e1reas no nosso estado&#8221;, destacou.<\/p>\n\n\n\n<p>Os recursos ser\u00e3o investidos na amplia\u00e7\u00e3o e na melhoria da infraestrutura f\u00edsica e administrativa das unidades b\u00e1sicas de ensino. S\u00e3o medidas como constru\u00e7\u00e3o, reforma e aquisi\u00e7\u00e3o de equipamentos. O secret\u00e1rio de Estado da Educa\u00e7\u00e3o, F\u00e1bio Vaz, destacou que o aprimoramento da infraestrutura \u00e9 essencial para a melhoria da qualidade do ensino. &#8220;Estamos alinhados com as prioridades estabelecidas pelo governador Wanderlei Barbosa e em parceria com a bancada federal. A melhoria na infraestrutura e na aquisi\u00e7\u00e3o de novos equipamentos permitir\u00e1 que nossas escolas ofere\u00e7am uma educa\u00e7\u00e3o mais eficiente e acolhedora, beneficiando diretamente a comunidade escolar e refor\u00e7ando nosso compromisso com uma educa\u00e7\u00e3o cada vez mais transformadora&#8221;, afirmou.&nbsp;<\/p>\n\n\n\n<p>A l\u00edder da bancada parlamentar federal do Tocantins, senadora Professora Dorinha Seabra, destacou que mais uma vez a bancada cumpre os compromissos que tem feito na parceria com o estado, em atender as prioridades do Tocantins. &#8220;O empenho desse recurso \u00e9 um compromisso cumprido da bancada, fortalecendo nossa miss\u00e3o de sempre contribuir com a oferta de uma educa\u00e7\u00e3o de qualidade para os tocantinenses\u201d, informou.<\/p>\n\n\n\n<p><strong>Tocantins \u00e9 destaque na alfabetiza\u00e7\u00e3o do pa\u00eds<\/strong><\/p>\n\n\n\n<p>Segundo dados divulgados pelo governo federal na \u00faltima semana de maio, o Tocantins lidera a evolu\u00e7\u00e3o da alfabetiza\u00e7\u00e3o de crian\u00e7as no Brasil. Entre 2021 e 2023, o Estado saiu de 14% para 44% no \u00edndice de crian\u00e7as de at\u00e9 sete anos de idade alfabetizadas, com um crescimento percentual de cerca de 214%. Os dados fazem parte dos resultados parciais do Compromisso Nacional Crian\u00e7a Alfabetizada, um programa do governo federal que estabelece metas anuais para garantir o direito \u00e0 alfabetiza\u00e7\u00e3o.<\/p>\n\n\n\n<p>O secret\u00e1rio extraordin\u00e1rio de Representa\u00e7\u00e3o do Tocantins em Bras\u00edlia, Carlos Manzini J\u00fanior, destacou que resultados como esse contribuem para que o estado esteja entre as prioridades do governo federal. &#8220;O governador Wanderlei Barbosa, com todo o apoio dos nossos deputados federais e senadores, est\u00e1 levando projetos s\u00f3lidos ao governo federal, mostrando a capacidade de execu\u00e7\u00e3o e compromisso com resultados. Hoje, n\u00e3o temos barreiras nos minist\u00e9rios e, al\u00e9m disso, em diversas \u00e1reas, o Tocantins tem sido visto como exemplo na execu\u00e7\u00e3o de recursos federais&#8221;, afirmou.<\/p>\n\n\n\n<p><\/p>\n\n\n\n<p><img src=\"https:\/\/central.to.gov.br\/image\/380217?w=670&amp;h=383\"><\/p>\n\n\n\n<p>Governo do Tocantins vai ampliar investimentos em equipamentos, a exemplo da sala informatizada no Col\u00e9gio Estadual Olavo Bilac, em Itaguatins &#8211; M\u00e1rcio Vieira\/Governo do Tocantins<\/p>\n\n\n\n<p><img src=\"https:\/\/central.to.gov.br\/image\/380218?w=670&amp;h=383\"><\/p>\n\n\n\n<p>Tocantins j\u00e1 \u00e9 refer\u00eancia nacional na alfabetiza\u00e7\u00e3o de crian\u00e7as de at\u00e9 sete anos de idade &#8211; Juliana Carneiro\/Governo do Tocantins\u00a0<\/p>\n","protected":false},"excerpt":{"rendered":"<p>Com investimentos e projetos voltados para a educa\u00e7\u00e3o estadual, o Governo do Tocantins tem garantido a primazia na libera\u00e7\u00e3o de recursos federais. Na \u00faltima sexta-feira, 7, o Fundo Nacional de Desenvolvimento da Educa\u00e7\u00e3o (FNDE) empenhou recursos no valor de R$ 26.625.951,00 destinados a investimentos na infraestrutura e aquisi\u00e7\u00e3o de novos equipamentos para escolas do sistema [&hellip;]<\/p>\n","protected":false},"author":2,"featured_media":19820,"comment_status":"open","ping_status":"open","sticky":false,"template":"","format":"standard","meta":[],"categories":[3],"tags":[13],"_links":{"self":[{"href":"https:\/\/dgospel.com.br\/portal\/index.php\/wp-json\/wp\/v2\/posts\/19819"}],"collection":[{"href":"https:\/\/dgospel.com.br\/portal\/index.php\/wp-json\/wp\/v2\/posts"}],"about":[{"href":"https:\/\/dgospel.com.br\/portal\/index.php\/wp-json\/wp\/v2\/types\/post"}],"author":[{"embeddable":true,"href":"https:\/\/dgospel.com.br\/portal\/index.php\/wp-json\/wp\/v2\/users\/2"}],"replies":[{"embeddable":true,"href":"https:\/\/dgospel.com.br\/portal\/index.php\/wp-json\/wp\/v2\/comments?post=19819"}],"version-history":[{"count":1,"href":"https:\/\/dgospel.com.br\/portal\/index.php\/wp-json\/wp\/v2\/posts\/19819\/revisions"}],"predecessor-version":[{"id":19821,"href":"https:\/\/dgospel.com.br\/portal\/index.php\/wp-json\/wp\/v2\/posts\/19819\/revisions\/19821"}],"wp:featuredmedia":[{"embeddable":true,"href":"https:\/\/dgospel.com.br\/portal\/index.php\/wp-json\/wp\/v2\/media\/19820"}],"wp:attachment":[{"href":"https:\/\/dgospel.com.br\/portal\/index.php\/wp-json\/wp\/v2\/media?parent=19819"}],"wp:term":[{"taxonomy":"category","embeddable":true,"href":"https:\/\/dgospel.com.br\/portal\/index.php\/wp-json\/wp\/v2\/categories?post=19819"},{"taxonomy":"post_tag","embeddable":true,"href":"https:\/\/dgospel.com.br\/portal\/index.php\/wp-json\/wp\/v2\/tags?post=19819"}],"curies":[{"name":"wp","href":"https:\/\/api.w.org\/{rel}","templated":true}]}}