{"id":19826,"date":"2024-06-11T09:33:07","date_gmt":"2024-06-11T12:33:07","guid":{"rendered":"https:\/\/dgospel.com.br\/portal\/?p=19826"},"modified":"2024-06-11T09:33:08","modified_gmt":"2024-06-11T12:33:08","slug":"ometto-diz-que-governo-viola-leis-e-aumenta-impostos-pelas-bordas","status":"publish","type":"post","link":"https:\/\/dgospel.com.br\/portal\/index.php\/2024\/06\/11\/ometto-diz-que-governo-viola-leis-e-aumenta-impostos-pelas-bordas\/","title":{"rendered":"Ometto diz que governo viola leis e aumenta impostos pelas bordas"},"content":{"rendered":"\n<p>Embora tenha&nbsp;<a href=\"https:\/\/pleno.news\/brasil\/politica-nacional\/ometto-doou-r-400-mil-ao-pt-no-mesmo-dia-que-se-reuniu-com-lula.html\" target=\"_blank\" rel=\"noreferrer noopener\">doado uma quantia milion\u00e1ria<\/a>&nbsp;ao Partido dos Trabalhadores (PT) no ano das elei\u00e7\u00f5es de 2022, o presidente do conselho do conglomerado Cosan, Rubens Ometto, criticou severamente a gest\u00e3o do presidente Luiz In\u00e1cio Lula da Silva (PT) no F\u00f3rum Anual do Grupo Esfera, neste fim de semana.<\/p>\n\n\n\n<p>Na ocasi\u00e3o, Ometto disse que o governo desrespeita o esp\u00edrito das leis aprovadas pelo Congresso e adota estrat\u00e9gias que aumentam agressivamente a arrecada\u00e7\u00e3o de impostos \u201cpelas bordas\u201d para ampliar os gastos p\u00fablicos.<\/p>\n\n\n\n<p>Ometto condenou o sistema de controle de gastos conhecido como arcabou\u00e7o fiscal, afirmando que ele incentiva o governo a \u201ctaxar tudo\u201d. Segundo o empres\u00e1rio, essa postura gera uma rea\u00e7\u00e3o negativa em cadeia na sociedade, prejudicando o pa\u00eds e criando um mau exemplo vindo das autoridades.<\/p>\n\n\n\n<p>\u2013 Como vamos melhorar nosso pa\u00eds se a autoridade m\u00e1xima desrespeita as leis? \u2013 questionou.<\/p>\n\n\n\n<p>No evento, Ometto tamb\u00e9m citou mudan\u00e7as recentes nas regras que afetam as empresas.<\/p>\n\n\n\n<p>\u2013 Eles est\u00e3o mudando as normas e as regulamenta\u00e7\u00f5es para arrecadar mais. Uma lei \u00e9 publicada de um jeito e depois soltam normas para te morder e para te autuar. Isso aconteceu com as mudan\u00e7as das regras do Carf, com a mudan\u00e7a do cr\u00e9dito presumido do IPI, com a mudan\u00e7a dos cr\u00e9ditos do PIS\/Cofins e com a desonera\u00e7\u00e3o da folha. Eles est\u00e3o preocupados em morder e est\u00e3o fazendo isso. E quando voc\u00ea faz isso, voc\u00ea desrespeita a lei e cria um p\u00e9ssimo exemplo \u2013 citou.<\/p>\n\n\n\n<p>O empres\u00e1rio ressaltou a inefic\u00e1cia de aumentar impostos, afirmando que o dinheiro seria melhor utilizado nas m\u00e3os da iniciativa privada, que gera emprego e produz com efici\u00eancia. Ele defendeu programas sociais como o Bolsa Fam\u00edlia, mas criticou o governo por querer administrar um Estado que s\u00f3 cresce.<\/p>\n\n\n\n<p>\u2013 Temos de bater nessa tecla: o dinheiro na m\u00e3o da iniciativa privada rende muito mais para o pa\u00eds do que na m\u00e3o do governo. Quando eles fazem esse aumento de arrecada\u00e7\u00e3o, eles est\u00e3o tirando o dinheiro de quem trabalha com efici\u00eancia, de quem gera emprego, de quem produz, e passando para o Poder Executivo, que n\u00e3o tem essa habilidade \u2013 salientou.<\/p>\n\n\n\n<p>Ometto tamb\u00e9m abordou a quest\u00e3o dos juros altos no Brasil, apontando a inseguran\u00e7a jur\u00eddica como um fator significativo para os elevados custos de financiamento. Segundo ele, se o governo organizasse a quest\u00e3o fiscal, os juros cairiam e o pa\u00eds voltaria a crescer, como ocorreu no primeiro mandato de Lula.<\/p>\n\n\n\n<p>A Medida Provis\u00f3ria 1.227, recentemente aprovada, foi um dos pontos cr\u00edticos mencionados por Ometto. Conhecida como MP da compensa\u00e7\u00e3o, ela deve gerar uma arrecada\u00e7\u00e3o extra de R$ 29,2 bilh\u00f5es por ano, mas especialistas j\u00e1 identificaram trechos inconstitucionais no texto. Ometto expressou preocupa\u00e7\u00e3o com a influ\u00eancia do Executivo sobre o Judici\u00e1rio, o que, segundo ele, leva a uma interfer\u00eancia prejudicial entre os Tr\u00eas Poderes da Rep\u00fablica.<\/p>\n","protected":false},"excerpt":{"rendered":"<p>Embora tenha&nbsp;doado uma quantia milion\u00e1ria&nbsp;ao Partido dos Trabalhadores (PT) no ano das elei\u00e7\u00f5es de 2022, o presidente do conselho do conglomerado Cosan, Rubens Ometto, criticou severamente a gest\u00e3o do presidente Luiz In\u00e1cio Lula da Silva (PT) no F\u00f3rum Anual do Grupo Esfera, neste fim de semana. Na ocasi\u00e3o, Ometto disse que o governo desrespeita o [&hellip;]<\/p>\n","protected":false},"author":2,"featured_media":19827,"comment_status":"open","ping_status":"open","sticky":false,"template":"","format":"standard","meta":[],"categories":[4],"tags":[],"_links":{"self":[{"href":"https:\/\/dgospel.com.br\/portal\/index.php\/wp-json\/wp\/v2\/posts\/19826"}],"collection":[{"href":"https:\/\/dgospel.com.br\/portal\/index.php\/wp-json\/wp\/v2\/posts"}],"about":[{"href":"https:\/\/dgospel.com.br\/portal\/index.php\/wp-json\/wp\/v2\/types\/post"}],"author":[{"embeddable":true,"href":"https:\/\/dgospel.com.br\/portal\/index.php\/wp-json\/wp\/v2\/users\/2"}],"replies":[{"embeddable":true,"href":"https:\/\/dgospel.com.br\/portal\/index.php\/wp-json\/wp\/v2\/comments?post=19826"}],"version-history":[{"count":1,"href":"https:\/\/dgospel.com.br\/portal\/index.php\/wp-json\/wp\/v2\/posts\/19826\/revisions"}],"predecessor-version":[{"id":19828,"href":"https:\/\/dgospel.com.br\/portal\/index.php\/wp-json\/wp\/v2\/posts\/19826\/revisions\/19828"}],"wp:featuredmedia":[{"embeddable":true,"href":"https:\/\/dgospel.com.br\/portal\/index.php\/wp-json\/wp\/v2\/media\/19827"}],"wp:attachment":[{"href":"https:\/\/dgospel.com.br\/portal\/index.php\/wp-json\/wp\/v2\/media?parent=19826"}],"wp:term":[{"taxonomy":"category","embeddable":true,"href":"https:\/\/dgospel.com.br\/portal\/index.php\/wp-json\/wp\/v2\/categories?post=19826"},{"taxonomy":"post_tag","embeddable":true,"href":"https:\/\/dgospel.com.br\/portal\/index.php\/wp-json\/wp\/v2\/tags?post=19826"}],"curies":[{"name":"wp","href":"https:\/\/api.w.org\/{rel}","templated":true}]}}