{"id":19829,"date":"2024-06-11T09:37:04","date_gmt":"2024-06-11T12:37:04","guid":{"rendered":"https:\/\/dgospel.com.br\/portal\/?p=19829"},"modified":"2024-06-11T09:37:05","modified_gmt":"2024-06-11T12:37:05","slug":"marqueteiros-do-pt-ensinam-candidatos-a-falarem-de-familia","status":"publish","type":"post","link":"https:\/\/dgospel.com.br\/portal\/index.php\/2024\/06\/11\/marqueteiros-do-pt-ensinam-candidatos-a-falarem-de-familia\/","title":{"rendered":"Marqueteiros do PT ensinam candidatos a falarem de fam\u00edlia"},"content":{"rendered":"\n<p>A queda de popularidade do presidente Luiz In\u00e1cio Lula da Silva (PT) tem sido assunto nas reuni\u00f5es da equipe de comunica\u00e7\u00e3o do Pal\u00e1cio do Planalto e os marqueteiros do Partido dos Trabalhadores que acontecem desde o come\u00e7o do ano. O grupo de profissionais tenta encontrar alternativas para aumentar a popularidade do petista. As informa\u00e7\u00f5es s\u00e3o da revista Veja.<\/p>\n\n\n\n<p>O novo levantamento do Instituto Paran\u00e1 Pesquisas, por exemplo, mostra que a rejei\u00e7\u00e3o ao governo continua maior que a aprova\u00e7\u00e3o. De acordo com os resultados do estudo, 49,6% dos entrevistados desaprovam a gest\u00e3o petista, enquanto 46,2% aprovam. Outros 4,2% n\u00e3o sabem ou n\u00e3o responderam.<\/p>\n\n\n\n<p>Por ser um ano eleitoral, os marqueteiros est\u00e3o trabalhando para nacionalizar as campanhas municipais. Para isto, a Funda\u00e7\u00e3o Perseu Abramo, ligada ao PT, lan\u00e7ou um curso para ensinar t\u00e9cnicas de atua\u00e7\u00e3o digital \u00e0 milit\u00e2ncia e para candidatos. O curso inclui dicas de difus\u00e3o de conte\u00fados, recomenda\u00e7\u00f5es de aplicativos e orienta\u00e7\u00f5es sobre como reagir \u00e0s fake news.<\/p>\n\n\n\n<p>Os profissionais de marketing pol\u00edtico do Planalto t\u00eam se esfor\u00e7ado para moldar os candidatos de forma que eles falem o que o eleitor quer ouvir, sem perder a espontaneidade.<\/p>\n\n\n\n<p>Brunna Rosa, secret\u00e1ria nacional de Estrat\u00e9gia e Redes da Secom, palestrante do curso e respons\u00e1vel por gerenciar as redes sociais da primeira-dama, Ros\u00e2ngela da Silva, a Janja, comentou que os candidatos est\u00e3o sendo orientados a falar sobre fam\u00edlia, tema que \u201cparece como ponto em comum, independentemente do espectro pol\u00edtico da pessoa\u201d.<\/p>\n\n\n\n<p>\u2013 A preocupa\u00e7\u00e3o com a fam\u00edlia e com o futuro dos filhos \u00e9 algo que nos une. Isso pode ser um gancho para construir uma estrat\u00e9gia de di\u00e1logo com as pessoas \u2013 disse ela que orienta os candidatos a abordem em suas campanhas assuntos relacionados \u00e0 fam\u00edlia.<\/p>\n","protected":false},"excerpt":{"rendered":"<p>A queda de popularidade do presidente Luiz In\u00e1cio Lula da Silva (PT) tem sido assunto nas reuni\u00f5es da equipe de comunica\u00e7\u00e3o do Pal\u00e1cio do Planalto e os marqueteiros do Partido dos Trabalhadores que acontecem desde o come\u00e7o do ano. O grupo de profissionais tenta encontrar alternativas para aumentar a popularidade do petista. As informa\u00e7\u00f5es s\u00e3o [&hellip;]<\/p>\n","protected":false},"author":2,"featured_media":19830,"comment_status":"open","ping_status":"open","sticky":false,"template":"","format":"standard","meta":[],"categories":[4],"tags":[],"_links":{"self":[{"href":"https:\/\/dgospel.com.br\/portal\/index.php\/wp-json\/wp\/v2\/posts\/19829"}],"collection":[{"href":"https:\/\/dgospel.com.br\/portal\/index.php\/wp-json\/wp\/v2\/posts"}],"about":[{"href":"https:\/\/dgospel.com.br\/portal\/index.php\/wp-json\/wp\/v2\/types\/post"}],"author":[{"embeddable":true,"href":"https:\/\/dgospel.com.br\/portal\/index.php\/wp-json\/wp\/v2\/users\/2"}],"replies":[{"embeddable":true,"href":"https:\/\/dgospel.com.br\/portal\/index.php\/wp-json\/wp\/v2\/comments?post=19829"}],"version-history":[{"count":1,"href":"https:\/\/dgospel.com.br\/portal\/index.php\/wp-json\/wp\/v2\/posts\/19829\/revisions"}],"predecessor-version":[{"id":19831,"href":"https:\/\/dgospel.com.br\/portal\/index.php\/wp-json\/wp\/v2\/posts\/19829\/revisions\/19831"}],"wp:featuredmedia":[{"embeddable":true,"href":"https:\/\/dgospel.com.br\/portal\/index.php\/wp-json\/wp\/v2\/media\/19830"}],"wp:attachment":[{"href":"https:\/\/dgospel.com.br\/portal\/index.php\/wp-json\/wp\/v2\/media?parent=19829"}],"wp:term":[{"taxonomy":"category","embeddable":true,"href":"https:\/\/dgospel.com.br\/portal\/index.php\/wp-json\/wp\/v2\/categories?post=19829"},{"taxonomy":"post_tag","embeddable":true,"href":"https:\/\/dgospel.com.br\/portal\/index.php\/wp-json\/wp\/v2\/tags?post=19829"}],"curies":[{"name":"wp","href":"https:\/\/api.w.org\/{rel}","templated":true}]}}