{"id":19841,"date":"2024-06-13T11:01:16","date_gmt":"2024-06-13T14:01:16","guid":{"rendered":"https:\/\/dgospel.com.br\/portal\/?p=19841"},"modified":"2024-06-13T11:01:17","modified_gmt":"2024-06-13T14:01:17","slug":"ex-secretario-diz-que-fez-o-que-o-governo-mandou-bode-expiatorio","status":"publish","type":"post","link":"https:\/\/dgospel.com.br\/portal\/index.php\/2024\/06\/13\/ex-secretario-diz-que-fez-o-que-o-governo-mandou-bode-expiatorio\/","title":{"rendered":"Ex-secret\u00e1rio diz que fez o que o governo mandou: \u201cBode expiat\u00f3rio\u201d"},"content":{"rendered":"\n<p>O ex-secret\u00e1rio de Pol\u00edticas Agr\u00edcolas do Minist\u00e9rio da Agricultura, Neri Geller, afirmou nesta quarta-feira (12) que foi pressionado pelo governo para organizar o leil\u00e3o de 263 mil toneladas de arroz importado, que acabou sendo anulado na ter\u00e7a-feira (11) por suspeitas de irregularidade.<\/p>\n\n\n\n<p>Segundo Geller, o processo foi mal conduzido e a decis\u00e3o de realizar o leil\u00e3o com uma quantidade t\u00e3o expressiva de arroz partiu da Casa Civil junto com o ent\u00e3o ministro Carlos F\u00e1varo. Ainda de acordo com o ex-ministro, o assunto foi integralmente tratado no gabinete ministerial.<\/p>\n\n\n\n<p>\u2013 Foi mal conduzido, em um momento de egos agu\u00e7ados. [A quantidade foi] uma decis\u00e3o da Casa Civil junto com o ministro [Carlos] F\u00e1varo. Agora, como se deu, eu n\u00e3o participei, porque o ministro puxou esse assunto 100% para o gabinete. Mas quem decidiu obviamente n\u00e3o fomos n\u00f3s \u2013 declarou.<\/p>\n\n\n\n<p>Em parte da entrevista, o agora ex-secret\u00e1rio declarou que est\u00e1 sendo usado como \u201cbode expiat\u00f3rio\u201d do fracasso do leil\u00e3o.<\/p>\n\n\n\n<p>\u2013 Quer dizer, se l\u00e1 atr\u00e1s n\u00e3o teve problema nenhum, agora nesse edital, porque ele \u00e9 politizado, eu vou servir para sair como bode expiat\u00f3rio dessa quest\u00e3o? N\u00e3o, n\u00e3o vou aceitar de forma nenhuma \u2013 disse Geller.<\/p>\n\n\n\n<p><strong>Assista:<\/strong><\/p>\n\n\n\n<figure class=\"wp-block-embed is-type-video is-provider-youtube wp-block-embed-youtube wp-embed-aspect-16-9 wp-has-aspect-ratio\"><div class=\"wp-block-embed__wrapper\">\n<iframe loading=\"lazy\" title=\"T\u00falio Am\u00e2ncio entrevista Neri Geller, ex-sec. do Minist\u00e9rio da Agricultura | BandNews TV\" width=\"630\" height=\"354\" src=\"https:\/\/www.youtube.com\/embed\/hiAfsP5sn50?feature=oembed\" frameborder=\"0\" allow=\"accelerometer; autoplay; clipboard-write; encrypted-media; gyroscope; picture-in-picture; web-share\" referrerpolicy=\"strict-origin-when-cross-origin\" allowfullscreen><\/iframe>\n<\/div><\/figure>\n","protected":false},"excerpt":{"rendered":"<p>O ex-secret\u00e1rio de Pol\u00edticas Agr\u00edcolas do Minist\u00e9rio da Agricultura, Neri Geller, afirmou nesta quarta-feira (12) que foi pressionado pelo governo para organizar o leil\u00e3o de 263 mil toneladas de arroz importado, que acabou sendo anulado na ter\u00e7a-feira (11) por suspeitas de irregularidade. Segundo Geller, o processo foi mal conduzido e a decis\u00e3o de realizar o [&hellip;]<\/p>\n","protected":false},"author":2,"featured_media":19842,"comment_status":"open","ping_status":"open","sticky":false,"template":"","format":"standard","meta":[],"categories":[12,4],"tags":[],"_links":{"self":[{"href":"https:\/\/dgospel.com.br\/portal\/index.php\/wp-json\/wp\/v2\/posts\/19841"}],"collection":[{"href":"https:\/\/dgospel.com.br\/portal\/index.php\/wp-json\/wp\/v2\/posts"}],"about":[{"href":"https:\/\/dgospel.com.br\/portal\/index.php\/wp-json\/wp\/v2\/types\/post"}],"author":[{"embeddable":true,"href":"https:\/\/dgospel.com.br\/portal\/index.php\/wp-json\/wp\/v2\/users\/2"}],"replies":[{"embeddable":true,"href":"https:\/\/dgospel.com.br\/portal\/index.php\/wp-json\/wp\/v2\/comments?post=19841"}],"version-history":[{"count":1,"href":"https:\/\/dgospel.com.br\/portal\/index.php\/wp-json\/wp\/v2\/posts\/19841\/revisions"}],"predecessor-version":[{"id":19843,"href":"https:\/\/dgospel.com.br\/portal\/index.php\/wp-json\/wp\/v2\/posts\/19841\/revisions\/19843"}],"wp:featuredmedia":[{"embeddable":true,"href":"https:\/\/dgospel.com.br\/portal\/index.php\/wp-json\/wp\/v2\/media\/19842"}],"wp:attachment":[{"href":"https:\/\/dgospel.com.br\/portal\/index.php\/wp-json\/wp\/v2\/media?parent=19841"}],"wp:term":[{"taxonomy":"category","embeddable":true,"href":"https:\/\/dgospel.com.br\/portal\/index.php\/wp-json\/wp\/v2\/categories?post=19841"},{"taxonomy":"post_tag","embeddable":true,"href":"https:\/\/dgospel.com.br\/portal\/index.php\/wp-json\/wp\/v2\/tags?post=19841"}],"curies":[{"name":"wp","href":"https:\/\/api.w.org\/{rel}","templated":true}]}}