{"id":19847,"date":"2024-06-13T11:16:13","date_gmt":"2024-06-13T14:16:13","guid":{"rendered":"https:\/\/dgospel.com.br\/portal\/?p=19847"},"modified":"2024-06-13T11:16:13","modified_gmt":"2024-06-13T14:16:13","slug":"cuba-pede-10-anos-de-prisao-para-jovem-que-criticou-a-ditadura","status":"publish","type":"post","link":"https:\/\/dgospel.com.br\/portal\/index.php\/2024\/06\/13\/cuba-pede-10-anos-de-prisao-para-jovem-que-criticou-a-ditadura\/","title":{"rendered":"Cuba pede 10 anos de pris\u00e3o para jovem que criticou a ditadura"},"content":{"rendered":"\n<p>A promotoria de Cuba solicitou, em abril, uma pena de dez anos de pris\u00e3o para Sulmira Mart\u00ednez, uma jovem influenciadora de 22 anos. Mart\u00ednez est\u00e1 detida desde o ano passado e \u00e9 acusada de \u201ccrimes contra a ordem constitucional\u201d pelo regime cubano.<\/p>\n\n\n\n<p>Segundo informa\u00e7\u00f5es de portais independentes, Mart\u00ednez \u00e9 acusada de utilizar suas redes sociais para criticar o regime comunista da ilha, liderado por Miguel D\u00edaz-Canel. As acusa\u00e7\u00f5es incluem \u201cmanter contato com dissidentes pol\u00edticos\u201d, \u201cpublicar coment\u00e1rios cr\u00edticos ao governo cubano\u201d e disseminar mensagens que incitam a resist\u00eancia e criticam as a\u00e7\u00f5es do governo.<\/p>\n\n\n\n<p>As atividades de Mart\u00ednez foram monitoradas pela Dire\u00e7\u00e3o de An\u00e1lise da Informa\u00e7\u00e3o do Instituto de Informa\u00e7\u00e3o e Comunica\u00e7\u00e3o Social (IICS) do regime cubano, que alega que a jovem criou perfis an\u00f4nimos no Facebook para disseminar mensagens contra o governo. Ela tamb\u00e9m \u00e9 acusada de se referir de maneira desrespeitosa ao ditador D\u00edaz-Canel em suas postagens.<\/p>\n\n\n\n<p>Al\u00e9m disso, a jovem \u00e9 acusada de tentar organizar uma grande manifesta\u00e7\u00e3o contra o regime cubano, embora essa iniciativa n\u00e3o tenha sido concretizada.<\/p>\n\n\n\n<p>No ano passado, quando foi presa, Mart\u00ednez foi interrogada durante dois meses pelas autoridades cubanas por motivos pol\u00edticos. Segundo a organiza\u00e7\u00e3o de direitos humanos Ni Um Preso Pol\u00edtico a Mais em Cuba, ela foi pressionada a admitir seu \u201ccrime\u201d nas redes sociais do regime.<\/p>\n\n\n\n<p>Em declara\u00e7\u00e3o, a promotoria afirmou que Mart\u00ednez \u201cseguia pessoas com ideias contr\u00e1rias \u00e0 ordem pol\u00edtica, econ\u00f4mica e social estabelecida na Constitui\u00e7\u00e3o de Cuba\u201d.<\/p>\n","protected":false},"excerpt":{"rendered":"<p>A promotoria de Cuba solicitou, em abril, uma pena de dez anos de pris\u00e3o para Sulmira Mart\u00ednez, uma jovem influenciadora de 22 anos. Mart\u00ednez est\u00e1 detida desde o ano passado e \u00e9 acusada de \u201ccrimes contra a ordem constitucional\u201d pelo regime cubano. Segundo informa\u00e7\u00f5es de portais independentes, Mart\u00ednez \u00e9 acusada de utilizar suas redes sociais [&hellip;]<\/p>\n","protected":false},"author":2,"featured_media":19848,"comment_status":"open","ping_status":"open","sticky":false,"template":"","format":"standard","meta":[],"categories":[16],"tags":[],"_links":{"self":[{"href":"https:\/\/dgospel.com.br\/portal\/index.php\/wp-json\/wp\/v2\/posts\/19847"}],"collection":[{"href":"https:\/\/dgospel.com.br\/portal\/index.php\/wp-json\/wp\/v2\/posts"}],"about":[{"href":"https:\/\/dgospel.com.br\/portal\/index.php\/wp-json\/wp\/v2\/types\/post"}],"author":[{"embeddable":true,"href":"https:\/\/dgospel.com.br\/portal\/index.php\/wp-json\/wp\/v2\/users\/2"}],"replies":[{"embeddable":true,"href":"https:\/\/dgospel.com.br\/portal\/index.php\/wp-json\/wp\/v2\/comments?post=19847"}],"version-history":[{"count":1,"href":"https:\/\/dgospel.com.br\/portal\/index.php\/wp-json\/wp\/v2\/posts\/19847\/revisions"}],"predecessor-version":[{"id":19849,"href":"https:\/\/dgospel.com.br\/portal\/index.php\/wp-json\/wp\/v2\/posts\/19847\/revisions\/19849"}],"wp:featuredmedia":[{"embeddable":true,"href":"https:\/\/dgospel.com.br\/portal\/index.php\/wp-json\/wp\/v2\/media\/19848"}],"wp:attachment":[{"href":"https:\/\/dgospel.com.br\/portal\/index.php\/wp-json\/wp\/v2\/media?parent=19847"}],"wp:term":[{"taxonomy":"category","embeddable":true,"href":"https:\/\/dgospel.com.br\/portal\/index.php\/wp-json\/wp\/v2\/categories?post=19847"},{"taxonomy":"post_tag","embeddable":true,"href":"https:\/\/dgospel.com.br\/portal\/index.php\/wp-json\/wp\/v2\/tags?post=19847"}],"curies":[{"name":"wp","href":"https:\/\/api.w.org\/{rel}","templated":true}]}}