{"id":19853,"date":"2024-06-13T12:50:09","date_gmt":"2024-06-13T15:50:09","guid":{"rendered":"https:\/\/dgospel.com.br\/portal\/?p=19853"},"modified":"2024-06-13T12:55:46","modified_gmt":"2024-06-13T15:55:46","slug":"pre-candidatura-de-deusimar-amorim-em-aparecida-do-rio-negro-se-consolida-com-trajetoria-de-conquistas","status":"publish","type":"post","link":"https:\/\/dgospel.com.br\/portal\/index.php\/2024\/06\/13\/pre-candidatura-de-deusimar-amorim-em-aparecida-do-rio-negro-se-consolida-com-trajetoria-de-conquistas\/","title":{"rendered":"Pr\u00e9-candidatura de Deusimar Amorim em Aparecida do Rio Negro se consolida com trajet\u00f3ria de conquistas"},"content":{"rendered":"\n<p>Em busca de retornar \u00e0 Prefeitura de Aparecida do Rio Negro, o ex-prefeito Deusimar Amorim (Republicanos) consolida sua pr\u00e9-candidatura com base em um passado de conquistas no Munic\u00edpio. Aos 58 anos, Deusimar se orgulha em ter estado \u00e0 frente do Munic\u00edpio por oito anos, jornada que percorreu executando obras, edifica\u00e7\u00f5es que mudaram o cen\u00e1rio da cidade e levaram maior qualidade de vida \u00e0 popula\u00e7\u00e3o. Na s\u00e9rie de entrevistas com pr\u00e9-candidatos a prefeitos do Jalap\u00e3o, o ex-gestor destaca estas conquistas e projeta novas perspectivas para o futuro do Munic\u00edpio.<\/p>\n\n\n\n<p>De acordo com o ex-prefeito, o seu grupo conta com o respaldo do governador Wanderlei Barbosa, al\u00e9m de nomes como o deputado federal Ricardo Aires, deputado estadual L\u00e9o Barbosa, dentre outras autoridades estaduais. O pr\u00e9-candidato tem ao seu lado os tr\u00eas ex-prefeitos do Munic\u00edpio, cinco atuais vereadores e o atual vice-prefeito Assis Coutinho. O nome do pretenso candidato a vice-prefeito tamb\u00e9m est\u00e1 definido: Dr. Henilton Roque, o Roquinho (PDT) foi uma escolha tomada em conjunto.<\/p>\n\n\n\n<p>\u201cQuando n\u00f3s come\u00e7amos as articula\u00e7\u00f5es para poder construir a possibilidade de uma candidatura, n\u00f3s trabalhamos em conjunto e buscando a unidade das oposi\u00e7\u00f5es. O Roquinho \u00e9 filho do ex-prefeito Sebasti\u00e3o Pinheiro, da ex-primeira-dama, ex-vice-prefeita, e ex-secret\u00e1ria de Sa\u00fade Carmelita Tavares, um profissional competente na sua \u00e1rea, uma pessoa querida e que tem uma participa\u00e7\u00e3o ativa na nossa cidade, tendo inclusive a possibilidade de pleitear o cargo de prefeito. Embora a gente j\u00e1 tenha estado de lados opostos, mas l\u00e1 no passado n\u00f3s j\u00e1 tivemos muito juntos na elei\u00e7\u00e3o do pai, na elei\u00e7\u00e3o da m\u00e3e a vice, enfim, na minha reelei\u00e7\u00e3o a fam\u00edlia estava conosco. Ent\u00e3o, assim, \u00e9 uma pessoa com todas as credenciais\u201d, destacou Deusimar.<\/p>\n\n\n\n<p>Segundo Deusimar, buscar novamente a principal cadeira da Prefeitura n\u00e3o era um plano, mas foi uma decis\u00e3o tomada para voltar a levar aos moradores respeito e liberdade. \u201cEm primeiro lugar, foram os des\u00edgnios de Deus que me colocaram aqui novamente, diante do chamamento de v\u00e1rias lideran\u00e7as e de grande parte da nossa popula\u00e7\u00e3o no dia a dia, tamb\u00e9m pela moral que a gente tem com o nosso povo, com a nossa cidade, onde n\u00f3s nascemos, crescemos, que me deu a oportunidade de ser prefeito por dois mandatos. E ainda, por acreditarmos que temos a possibilidade de dar uma contribui\u00e7\u00e3o a essa cidade que a gente gosta tanto, onde temos a nossa fam\u00edlia. Acho que o povo nosso merece mais respeito, n\u00e3o precisa ser humilhado, em busca de algum direito que \u00e9 seu e uma obriga\u00e7\u00e3o que \u00e9 da gest\u00e3o. Da mesma maneira que os recursos tamb\u00e9m, que s\u00e3o poucos, que sejam aplicados devidamente no interesse p\u00fablico nas coisas mais essenciais\u201d, declarou.<\/p>\n\n\n\n<p><\/p>\n\n\n\n<figure class=\"wp-block-image size-large\"><img loading=\"lazy\" width=\"1024\" height=\"931\" src=\"https:\/\/dgospel.com.br\/portal\/wp-content\/uploads\/2024\/06\/0000000-1024x931.jpg\" alt=\"\" class=\"wp-image-19855\" srcset=\"https:\/\/dgospel.com.br\/portal\/wp-content\/uploads\/2024\/06\/0000000-1024x931.jpg 1024w, https:\/\/dgospel.com.br\/portal\/wp-content\/uploads\/2024\/06\/0000000-300x273.jpg 300w, https:\/\/dgospel.com.br\/portal\/wp-content\/uploads\/2024\/06\/0000000-768x698.jpg 768w, https:\/\/dgospel.com.br\/portal\/wp-content\/uploads\/2024\/06\/0000000.jpg 1092w\" sizes=\"(max-width: 1024px) 100vw, 1024px\" \/><\/figure>\n\n\n\n<p><strong>Conquistas<\/strong><\/p>\n\n\n\n<p>Deusimar administrou o Munic\u00edpio dos anos de 2013 a 2016, sendo o primeiro a ser reeleito na cidade, com um segundo mandato de 2017 a 2020. Neste percurso, ao lado da ex-primeira-dama Ana Cl\u00e1udia Gorosthides, Deusimar realizou uma administra\u00e7\u00e3o pautada por a\u00e7\u00f5es concretas de resgate \u00e0 dignidade do povo, o que ele pontua como principal conquista da sua administra\u00e7\u00e3o.<\/p>\n\n\n\n<p>\u201cPrimeiro foi o resgate da dignidade do nosso povo, da autoestima que estava muito abalada. Tamb\u00e9m foram as grandes obras estruturantes das quais o nosso munic\u00edpio carecia dessas necessidades: constru\u00e7\u00e3o de prefeitura, de pr\u00e9dio de sa\u00fade, de gin\u00e1sios de esporte, de pra\u00e7as, de est\u00e1dio de futebol, de garagem municipal, muito asfalto, e diversas obras na zona rural, como pontes, enfim, essas obras, s\u00e3o um marco na hist\u00f3ria da nossa cidade, do nosso Munic\u00edpio, que beneficiaram toda a popula\u00e7\u00e3o no sentido coletivo, que p\u00f4de melhorar a qualidade de vida dos nossos cidad\u00e3os\u201d, recordou.<\/p>\n\n\n\n<p>A Assist\u00eancia Social foi um dos destaques pontuados por ele, com foco na assist\u00eancia aos idosos e crian\u00e7as, eventos marcantes, e investimentos, como a reconstru\u00e7\u00e3o do Cras e do galp\u00e3o dos idosos.<\/p>\n\n\n\n<p>Ele refor\u00e7a ainda que uma de suas principais prioridades foi a Educa\u00e7\u00e3o, que \u00e9 base para um futuro promissor. Para isso, a Pasta teve investimentos in\u00e9ditos, como constru\u00e7\u00f5es, cria\u00e7\u00e3o da Sala da Cultura, cria\u00e7\u00e3o do Cmei Aquarela, obra dos gin\u00e1sios, salas de aula, cria\u00e7\u00e3o do Plano de Cargos e Carreira (PCCR), que segundo ele, precisa ser corrigido, implanta\u00e7\u00e3o do transporte universit\u00e1rio, que para ele j\u00e1 necessidade amplia\u00e7\u00e3o. Nos investimentos da sa\u00fade, ele citou ainda a constru\u00e7\u00e3o dos pr\u00e9dios, equipamentos, ambul\u00e2ncias e ve\u00edculos. \u201cN\u00f3s queremos procurar ter mais atendimento com as especialidades da sa\u00fade\u201d, disse.<\/p>\n\n\n\n<p><strong>Novos investimentos<\/strong><\/p>\n\n\n\n<p>O ex-gestor relatou que vai buscar investimentos privados para que a comunidade n\u00e3o dependa somente de empregos p\u00fablicos. \u201cNossa cidade tem capacidade para isso e o povo precisa dessa liberdade. N\u00f3s vamos cuidar bem das crian\u00e7as, dos adolescentes, dos jovens, dos idosos que precisam e que sempre tiveram esse apoio\u201d, acrescentou.<\/p>\n\n\n\n<p>N\u00f3s pretendemos, por exemplo, na \u00e1rea de educa\u00e7\u00e3o, resgatar todos os programas que s\u00e3o exigidos pelo Mec, e que n\u00f3s avan\u00e7amos tanto que chegamos no ranking dos melhores munic\u00edpios do nosso Tocantins, e que hoje infelizmente est\u00e1 l\u00e1 embaixo. N\u00f3s precisamos resgatar isso e fazer a educa\u00e7\u00e3o em prioridade, acima de tudo, porque \u00e9 s\u00f3 atrav\u00e9s da educa\u00e7\u00e3o que n\u00f3s vamos progredir. A assist\u00eancia social, que apesar da gente ter feito um trabalho de excel\u00eancia, precisa tamb\u00e9m melhorar. Hoje n\u00f3s vamos ter mais condi\u00e7\u00f5es para isso porque n\u00f3s j\u00e1 fizemos as obras estruturantes que a cidade e o munic\u00edpio precisam, tamb\u00e9m para a zona rural.<\/p>\n\n\n\n<p><strong>Parcerias<\/strong><\/p>\n\n\n\n<p>Ao falar de parcerias que vai buscar para obter mais benef\u00edcios ao Munic\u00edpio, ele citou nomes como o governador Wanderlei Barbosa, vice-governador Laurez Moreira, deputado federal Ricardo Aires e deputado estadual L\u00e9o Barbosa. \u201cN\u00f3s vamos buscar parcerias com todos aqueles que s\u00e3o votados em Aparecida, como n\u00f3s fizemos durante a nossa gest\u00e3o nos oito anos. Quem levar uma obra, um benef\u00edcio, \u00e9 quem entrega junto conosco \u00e0 popula\u00e7\u00e3o. Vamos buscar a professora Dorinha, que \u00e9 senadora, que foi eleita com a vontade do nosso povo, inclusive com o meu voto, o senador Eduardo Gomes, alguns outros deputados federais que tamb\u00e9m tiveram alguma vota\u00e7\u00e3o. N\u00f3s sempre soubemos buscar essas parcerias e vamos atr\u00e1s deles todos. Tenho certeza que eles tamb\u00e9m v\u00e3o ajudar a cidade e a nossa popula\u00e7\u00e3o.<\/p>\n\n\n\n<p>O pretenso candidato pontua como principal desafio a correta aplica\u00e7\u00e3o dos recursos p\u00fablicos. \u201cN\u00f3s deixamos a cidade preparada. Os pr\u00e9dios, as edifica\u00e7\u00f5es p\u00fablicas conclu\u00eddas, equipadas, inclusive, com recursos, em caixa. O que n\u00f3s vemos \u00e9 que, justamente por isso, poderia estar muito melhor, porque j\u00e1 n\u00e3o precisava correr atr\u00e1s de recursos para aquelas obras. O que a gente v\u00ea hoje \u00e9 que n\u00f3s constru\u00edmos muitas obras com recursos pr\u00f3prios. N\u00f3s acreditamos que poderia ter sido feito muito mais com esses recursos que hoje chegam \u00e0 cidade. N\u00f3s temos desafios na cidade, na zona rural, muitas necessidades que n\u00f3s temos, tendo em vista que os recursos \u00e0s vezes n\u00e3o est\u00e3o sendo bem direcionados com essa finalidade. Precisa de mais infraestrutura na cidade, asfalto, muito mais ainda, apesar da gente ter constru\u00eddo bastante, principalmente na zona rural, que foi deixada de lado\u201d, frisou.<\/p>\n\n\n\n<p><strong>Pr\u00e9-campanha<\/strong><\/p>\n\n\n\n<p>Percorrendo a cidade, Deusimar destaca que por onde passa em sua pr\u00e9-campanha, tem sido bem recebido pelas fam\u00edlias. \u201cGra\u00e7as a Deus, n\u00e3o tivemos uma porta fechada, vemos o povo com alegria, com sorriso no rosto, buscando essa liberdade, essa maneira com que a gente trata as pessoas e que administra. O povo acredita, e isso foi tamb\u00e9m o que nos motivou a acreditar na responsabilidade que a gente tem, tamb\u00e9m fruto desse legado que n\u00f3s deixamos aqui. Ent\u00e3o essa confian\u00e7a, essa esperan\u00e7a do povo nos deixa muito entusiasmados com a responsabilidade ainda maior, felizes e tranquilos para a gente poder buscar esse apoio\u201d.<\/p>\n\n\n\n<p>Ele enfatiza que pretende conduzir todo o percurso at\u00e9 a elei\u00e7\u00e3o de forma \u00edntegra, ouvindo a popula\u00e7\u00e3o. \u201cNossa inten\u00e7\u00e3o \u00e9 conduzir de forma legal, com bastante respeito, com seriedade, conduzindo o respeito \u00e0s pessoas, ao eleitor, a todos os cidad\u00e3os, aos nossos advers\u00e1rios. Vamos buscar fazer sem passar por cima de ningu\u00e9m, sem atropelos. \u00c9 essa a nossa inten\u00e7\u00e3o. E vamos fazer como sempre fizemos. Vamos fazer visitas tanto na cidade como na zona rural, a todos os nossos moradores. Vamos ouvi-los, explicar as nossas propostas, o motivo que nos traz novamente a essa disputa ao cargo de prefeito pela administra\u00e7\u00e3o da nossa cidade. Isso, como eu disse, de forma muito natural, sem qualquer tipo de press\u00e3o, de opress\u00e3o, sempre respeitando, valorizando esse eleitor, sem qualquer tipo de constrangimento\u201d, ressaltou.<\/p>\n\n\n\n<p><\/p>\n\n\n\n<figure class=\"wp-block-image size-large\"><img loading=\"lazy\" width=\"1024\" height=\"677\" src=\"https:\/\/dgospel.com.br\/portal\/wp-content\/uploads\/2024\/06\/000000-1024x677.jpg\" alt=\"\" class=\"wp-image-19856\" srcset=\"https:\/\/dgospel.com.br\/portal\/wp-content\/uploads\/2024\/06\/000000-1024x677.jpg 1024w, https:\/\/dgospel.com.br\/portal\/wp-content\/uploads\/2024\/06\/000000-300x198.jpg 300w, https:\/\/dgospel.com.br\/portal\/wp-content\/uploads\/2024\/06\/000000-768x508.jpg 768w, https:\/\/dgospel.com.br\/portal\/wp-content\/uploads\/2024\/06\/000000-120x78.jpg 120w, https:\/\/dgospel.com.br\/portal\/wp-content\/uploads\/2024\/06\/000000.jpg 1144w\" sizes=\"(max-width: 1024px) 100vw, 1024px\" \/><figcaption>Deusimar foi o primeiro prefeito a ser reeleito na cidade e ao lado do pr\u00e9-candidato a vice, Roquinho Tavares, ele j\u00e1 conduz sua pr\u00e9-campanha e ouve as demandas da popula\u00e7\u00e3o.<\/figcaption><\/figure>\n\n\n\n<p>Ao deixar sua mensagem \u00e0 popula\u00e7\u00e3o, o pr\u00e9-candidato abordou que com as decis\u00f5es tomadas, as pessoas podem voltar a ter esperan\u00e7a e liberdade. \u201cO que eu quero deixar \u00e9 uma mensagem de esperan\u00e7a, de confian\u00e7a, onde o nosso cidad\u00e3o tem garantia de liberdade, de democracia, de respeito. Vamos realizar um trabalho com seriedade, com respeito mesmo, e com honestidade, acima de tudo, para que os recursos sejam destinados exclusivamente em benef\u00edcio do interesse coletivo\u201d, finaliza o pr\u00e9-candidato.<\/p>\n\n\n\n<p>Fonte: Folha do Jalap\u00e3o <\/p>\n","protected":false},"excerpt":{"rendered":"<p>Em busca de retornar \u00e0 Prefeitura de Aparecida do Rio Negro, o ex-prefeito Deusimar Amorim (Republicanos) consolida sua pr\u00e9-candidatura com base em um passado de conquistas no Munic\u00edpio. Aos 58 anos, Deusimar se orgulha em ter estado \u00e0 frente do Munic\u00edpio por oito anos, jornada que percorreu executando obras, edifica\u00e7\u00f5es que mudaram o cen\u00e1rio da [&hellip;]<\/p>\n","protected":false},"author":2,"featured_media":19854,"comment_status":"open","ping_status":"open","sticky":false,"template":"","format":"standard","meta":[],"categories":[4],"tags":[13],"_links":{"self":[{"href":"https:\/\/dgospel.com.br\/portal\/index.php\/wp-json\/wp\/v2\/posts\/19853"}],"collection":[{"href":"https:\/\/dgospel.com.br\/portal\/index.php\/wp-json\/wp\/v2\/posts"}],"about":[{"href":"https:\/\/dgospel.com.br\/portal\/index.php\/wp-json\/wp\/v2\/types\/post"}],"author":[{"embeddable":true,"href":"https:\/\/dgospel.com.br\/portal\/index.php\/wp-json\/wp\/v2\/users\/2"}],"replies":[{"embeddable":true,"href":"https:\/\/dgospel.com.br\/portal\/index.php\/wp-json\/wp\/v2\/comments?post=19853"}],"version-history":[{"count":2,"href":"https:\/\/dgospel.com.br\/portal\/index.php\/wp-json\/wp\/v2\/posts\/19853\/revisions"}],"predecessor-version":[{"id":19858,"href":"https:\/\/dgospel.com.br\/portal\/index.php\/wp-json\/wp\/v2\/posts\/19853\/revisions\/19858"}],"wp:featuredmedia":[{"embeddable":true,"href":"https:\/\/dgospel.com.br\/portal\/index.php\/wp-json\/wp\/v2\/media\/19854"}],"wp:attachment":[{"href":"https:\/\/dgospel.com.br\/portal\/index.php\/wp-json\/wp\/v2\/media?parent=19853"}],"wp:term":[{"taxonomy":"category","embeddable":true,"href":"https:\/\/dgospel.com.br\/portal\/index.php\/wp-json\/wp\/v2\/categories?post=19853"},{"taxonomy":"post_tag","embeddable":true,"href":"https:\/\/dgospel.com.br\/portal\/index.php\/wp-json\/wp\/v2\/tags?post=19853"}],"curies":[{"name":"wp","href":"https:\/\/api.w.org\/{rel}","templated":true}]}}