{"id":19859,"date":"2024-06-17T12:14:51","date_gmt":"2024-06-17T15:14:51","guid":{"rendered":"https:\/\/dgospel.com.br\/portal\/?p=19859"},"modified":"2024-06-17T12:14:52","modified_gmt":"2024-06-17T15:14:52","slug":"rio-sono-tradicional-familia-campos-composta-pela-atual-vice-prefeita-leila-campos-e-tres-ex-prefeitos-declara-apoio-a-pre-candidatura-de-marcos-gama","status":"publish","type":"post","link":"https:\/\/dgospel.com.br\/portal\/index.php\/2024\/06\/17\/rio-sono-tradicional-familia-campos-composta-pela-atual-vice-prefeita-leila-campos-e-tres-ex-prefeitos-declara-apoio-a-pre-candidatura-de-marcos-gama\/","title":{"rendered":"Rio Sono: Tradicional fam\u00edlia Campos, composta pela atual vice-prefeita Leila Campos e tr\u00eas ex-prefeitos declara apoio \u00e0 pr\u00e9-candidatura de Marcos Gama"},"content":{"rendered":"\n<p>A pr\u00e9-candidatura de Marcos Gama, a prefeito de Rio Sono recebe importante apoio da tradicional fam\u00edlia Campos. &nbsp;A fam\u00edlia Campos \u00e9 um forte grupo pol\u00edtico que \u00e9 composto pela atual vice-prefeita, Leila Campos e tr\u00eas ex-prefeitos, Iraci Campos, Raimundo Campos e Roberto Campos.<\/p>\n\n\n\n<p>O grupo de l\u00edderes raiz do MDB anunciou publicamente seu apoio \u00e0 pr\u00e9-candidatura de Marcos Gama e Gleicyane Barbosa. O apoio representa uma importante alian\u00e7a pol\u00edtica e fortalece a pr\u00e9-candidatura de Marcos Gama, que vem ganhando cada vez mais ades\u00f5es no munic\u00edpio.<\/p>\n\n\n\n<p>O apoio da fam\u00edlia Campos \u00e9 visto como crucial para o sucesso da pr\u00e9-candidatura de Marcos Gama, pois traz consigo uma bagagem de experi\u00eancia e influ\u00eancia na pol\u00edtica local. Al\u00e9m disso, a uni\u00e3o das lideran\u00e7as pol\u00edticas da regi\u00e3o em torno de um mesmo candidato pode ser determinante para a defini\u00e7\u00e3o do novo prefeito de Rio Sono.<\/p>\n\n\n\n<p>Com esse importante respaldo pol\u00edtico, Marcos Gama ganha ainda mais visibilidade e credibilidade junto aos eleitores locais. A confian\u00e7a depositada pela fam\u00edlia Campos em sua pr\u00e9-candidatura demonstra que o candidato est\u00e1 alinhado com os interesses e necessidades da popula\u00e7\u00e3o da cidade, o que pode favorecer sua ascens\u00e3o nas pesquisas eleitorais.<\/p>\n\n\n\n<p>A expectativa \u00e9 que o apoio da fam\u00edlia Campos impulsione ainda mais a campanha de Marcos Gama em Rio Sono. Com um time forte ao seu lado, o candidato ter\u00e1 mais chances de conquistar a confian\u00e7a dos eleitores e se consolidar como uma op\u00e7\u00e3o vi\u00e1vel para liderar os destinos do munic\u00edpio nos pr\u00f3ximos anos.<\/p>\n\n\n\n<p>A reuni\u00e3o de declara\u00e7\u00e3o de apoio ocorreu s\u00e1bado, dia 15 de junho, e contou com a presen\u00e7a de v\u00e1rios l\u00edderes locais vereadores e ex-vereadores. Foi uma oportunidade tamb\u00e9m para discutir estrat\u00e9gias e fortalecer alian\u00e7as.<\/p>\n","protected":false},"excerpt":{"rendered":"<p>A pr\u00e9-candidatura de Marcos Gama, a prefeito de Rio Sono recebe importante apoio da tradicional fam\u00edlia Campos. &nbsp;A fam\u00edlia Campos \u00e9 um forte grupo pol\u00edtico que \u00e9 composto pela atual vice-prefeita, Leila Campos e tr\u00eas ex-prefeitos, Iraci Campos, Raimundo Campos e Roberto Campos. O grupo de l\u00edderes raiz do MDB anunciou publicamente seu apoio \u00e0 [&hellip;]<\/p>\n","protected":false},"author":2,"featured_media":19860,"comment_status":"open","ping_status":"open","sticky":false,"template":"","format":"standard","meta":[],"categories":[4],"tags":[13],"_links":{"self":[{"href":"https:\/\/dgospel.com.br\/portal\/index.php\/wp-json\/wp\/v2\/posts\/19859"}],"collection":[{"href":"https:\/\/dgospel.com.br\/portal\/index.php\/wp-json\/wp\/v2\/posts"}],"about":[{"href":"https:\/\/dgospel.com.br\/portal\/index.php\/wp-json\/wp\/v2\/types\/post"}],"author":[{"embeddable":true,"href":"https:\/\/dgospel.com.br\/portal\/index.php\/wp-json\/wp\/v2\/users\/2"}],"replies":[{"embeddable":true,"href":"https:\/\/dgospel.com.br\/portal\/index.php\/wp-json\/wp\/v2\/comments?post=19859"}],"version-history":[{"count":1,"href":"https:\/\/dgospel.com.br\/portal\/index.php\/wp-json\/wp\/v2\/posts\/19859\/revisions"}],"predecessor-version":[{"id":19861,"href":"https:\/\/dgospel.com.br\/portal\/index.php\/wp-json\/wp\/v2\/posts\/19859\/revisions\/19861"}],"wp:featuredmedia":[{"embeddable":true,"href":"https:\/\/dgospel.com.br\/portal\/index.php\/wp-json\/wp\/v2\/media\/19860"}],"wp:attachment":[{"href":"https:\/\/dgospel.com.br\/portal\/index.php\/wp-json\/wp\/v2\/media?parent=19859"}],"wp:term":[{"taxonomy":"category","embeddable":true,"href":"https:\/\/dgospel.com.br\/portal\/index.php\/wp-json\/wp\/v2\/categories?post=19859"},{"taxonomy":"post_tag","embeddable":true,"href":"https:\/\/dgospel.com.br\/portal\/index.php\/wp-json\/wp\/v2\/tags?post=19859"}],"curies":[{"name":"wp","href":"https:\/\/api.w.org\/{rel}","templated":true}]}}