{"id":19862,"date":"2024-06-17T12:25:30","date_gmt":"2024-06-17T15:25:30","guid":{"rendered":"https:\/\/dgospel.com.br\/portal\/?p=19862"},"modified":"2024-06-17T12:25:31","modified_gmt":"2024-06-17T15:25:31","slug":"pre-candidatura-de-janad-valcari-recebe-apoio-do-bispo-thales-lider-da-igreja-sara-nossa-terra","status":"publish","type":"post","link":"https:\/\/dgospel.com.br\/portal\/index.php\/2024\/06\/17\/pre-candidatura-de-janad-valcari-recebe-apoio-do-bispo-thales-lider-da-igreja-sara-nossa-terra\/","title":{"rendered":"Pr\u00e9-candidatura de Janad Valcari recebe apoio do Bispo Thales l\u00edder da Igreja Sara Nossa Terra"},"content":{"rendered":"\n<p>O Bispo Thales Martins, que tem um destacado papel espiritual e social na comunidade de Palmas, falou sobre os motivos que o levaram a apoiar Valcari.&nbsp;<em>\u201cDecidimos apoiar a Janad ap\u00f3s ora\u00e7\u00f5es e reuni\u00f5es com ela. Confiamos na sua capacidade em liderar a cidade de Palmas e no seu compromisso com os valores crist\u00e3os e com a promo\u00e7\u00e3o do bem-estar da popula\u00e7\u00e3o,\u201d<\/em>&nbsp;declarou o bispo.<\/p>\n\n\n\n<p>Bispo Thales Martins, ao lado de sua esposa, Bispa Jackeline Martins, com quem tem dois filhos, possui forma\u00e7\u00e3o acad\u00eamica com gradua\u00e7\u00e3o em Contabilidade e com Mestrado em Administra\u00e7\u00e3o. O l\u00edder religioso acumula 23 anos de minist\u00e9rio, dos quais nos \u00faltimos tr\u00eas anos, tem desempenhado um papel importante na lideran\u00e7a e crescimento da igreja no Estado do Tocantins.<\/p>\n\n\n\n<p>O apoio recebido do l\u00edder de uma das institui\u00e7\u00f5es religiosas mais influentes de Palmas, representa um fortalecimento significativo na pr\u00e9-campanha de Janad Valcari rumo \u00e0 prefeitura de Palmas.<\/p>\n\n\n\n<p><\/p>\n\n\n\n<p>Fonte: portaldoamaral<\/p>\n","protected":false},"excerpt":{"rendered":"<p>O Bispo Thales Martins, que tem um destacado papel espiritual e social na comunidade de Palmas, falou sobre os motivos que o levaram a apoiar Valcari.&nbsp;\u201cDecidimos apoiar a Janad ap\u00f3s ora\u00e7\u00f5es e reuni\u00f5es com ela. Confiamos na sua capacidade em liderar a cidade de Palmas e no seu compromisso com os valores crist\u00e3os e com [&hellip;]<\/p>\n","protected":false},"author":2,"featured_media":19863,"comment_status":"open","ping_status":"open","sticky":false,"template":"","format":"standard","meta":[],"categories":[4],"tags":[13],"_links":{"self":[{"href":"https:\/\/dgospel.com.br\/portal\/index.php\/wp-json\/wp\/v2\/posts\/19862"}],"collection":[{"href":"https:\/\/dgospel.com.br\/portal\/index.php\/wp-json\/wp\/v2\/posts"}],"about":[{"href":"https:\/\/dgospel.com.br\/portal\/index.php\/wp-json\/wp\/v2\/types\/post"}],"author":[{"embeddable":true,"href":"https:\/\/dgospel.com.br\/portal\/index.php\/wp-json\/wp\/v2\/users\/2"}],"replies":[{"embeddable":true,"href":"https:\/\/dgospel.com.br\/portal\/index.php\/wp-json\/wp\/v2\/comments?post=19862"}],"version-history":[{"count":1,"href":"https:\/\/dgospel.com.br\/portal\/index.php\/wp-json\/wp\/v2\/posts\/19862\/revisions"}],"predecessor-version":[{"id":19864,"href":"https:\/\/dgospel.com.br\/portal\/index.php\/wp-json\/wp\/v2\/posts\/19862\/revisions\/19864"}],"wp:featuredmedia":[{"embeddable":true,"href":"https:\/\/dgospel.com.br\/portal\/index.php\/wp-json\/wp\/v2\/media\/19863"}],"wp:attachment":[{"href":"https:\/\/dgospel.com.br\/portal\/index.php\/wp-json\/wp\/v2\/media?parent=19862"}],"wp:term":[{"taxonomy":"category","embeddable":true,"href":"https:\/\/dgospel.com.br\/portal\/index.php\/wp-json\/wp\/v2\/categories?post=19862"},{"taxonomy":"post_tag","embeddable":true,"href":"https:\/\/dgospel.com.br\/portal\/index.php\/wp-json\/wp\/v2\/tags?post=19862"}],"curies":[{"name":"wp","href":"https:\/\/api.w.org\/{rel}","templated":true}]}}