{"id":19865,"date":"2024-06-20T11:49:39","date_gmt":"2024-06-20T14:49:39","guid":{"rendered":"https:\/\/dgospel.com.br\/portal\/?p=19865"},"modified":"2024-06-20T11:49:41","modified_gmt":"2024-06-20T14:49:41","slug":"numero-de-queimadas-ate-junho-no-pantanal-sobe-1-776-em-2024","status":"publish","type":"post","link":"https:\/\/dgospel.com.br\/portal\/index.php\/2024\/06\/20\/numero-de-queimadas-ate-junho-no-pantanal-sobe-1-776-em-2024\/","title":{"rendered":"N\u00famero de queimadas at\u00e9 junho no Pantanal sobe 1.776% em 2024"},"content":{"rendered":"\n<p>O n\u00famero de focos de queimadas registradas entre os dias 1\u00b0 de janeiro e 19 de junho deste ano no&nbsp;<a href=\"http:\/\/pleno.news\/tag\/pantanal\" target=\"_blank\" rel=\"noreferrer noopener\">Pantanal<\/a>&nbsp;chegou a 2.571. Esse total representa um aumento de 1.776% na compara\u00e7\u00e3o com o mesmo per\u00edodo do ano passado, quando foram anotados 137 focos. A informa\u00e7\u00e3o consta no Programa Queimadas, do Instituto Nacional de Pesquisas Espaciais (<a href=\"http:\/\/pleno.news\/tag\/inpe\" target=\"_blank\" rel=\"noreferrer noopener\">Inpe<\/a>).<\/p>\n\n\n\n<p>A quantidade de focos de queimadas no Pantanal at\u00e9 o dia 19 de junho, por sinal, \u00e9 a maior do per\u00edodo dentro da s\u00e9rie hist\u00f3rica, iniciada em 1998. O total deste ano \u00e9 o maior desde 2020, quando esse n\u00famero tinha chegado a 2.365.<\/p>\n\n\n\n<p>Apenas em outras duas ocasi\u00f5es, ao longo dos \u00faltimos 26 anos, os inc\u00eandios no bioma da Regi\u00e3o Centro-Oeste do Brasil ultrapassaram a marca de mil focos, ambas em governos anteriores ao do presidente Lula: em 2005, quando foram registrados 1.067 pontos de queimadas; e em 2009, com 2.077.<\/p>\n\n\n\n<p>Em todo o pa\u00eds, os focos at\u00e9 o dia 19 de junho aumentaram 60% se comparados com o ano passado. Nos primeiros 171 dias de 2023, o Brasil teve 19.413 pontos de queimadas. J\u00e1 neste ano, o total subiu para 31.243. O bioma com o pior resultado em 2024 ainda \u00e9 a Amaz\u00f4nia, que teve 12.324 focos at\u00e9 esta quarta (19), n\u00famero 85% maior que os 6.659 do ano passado.<\/p>\n","protected":false},"excerpt":{"rendered":"<p>O n\u00famero de focos de queimadas registradas entre os dias 1\u00b0 de janeiro e 19 de junho deste ano no&nbsp;Pantanal&nbsp;chegou a 2.571. Esse total representa um aumento de 1.776% na compara\u00e7\u00e3o com o mesmo per\u00edodo do ano passado, quando foram anotados 137 focos. A informa\u00e7\u00e3o consta no Programa Queimadas, do Instituto Nacional de Pesquisas Espaciais [&hellip;]<\/p>\n","protected":false},"author":2,"featured_media":19866,"comment_status":"open","ping_status":"open","sticky":false,"template":"","format":"standard","meta":[],"categories":[12,10],"tags":[],"_links":{"self":[{"href":"https:\/\/dgospel.com.br\/portal\/index.php\/wp-json\/wp\/v2\/posts\/19865"}],"collection":[{"href":"https:\/\/dgospel.com.br\/portal\/index.php\/wp-json\/wp\/v2\/posts"}],"about":[{"href":"https:\/\/dgospel.com.br\/portal\/index.php\/wp-json\/wp\/v2\/types\/post"}],"author":[{"embeddable":true,"href":"https:\/\/dgospel.com.br\/portal\/index.php\/wp-json\/wp\/v2\/users\/2"}],"replies":[{"embeddable":true,"href":"https:\/\/dgospel.com.br\/portal\/index.php\/wp-json\/wp\/v2\/comments?post=19865"}],"version-history":[{"count":1,"href":"https:\/\/dgospel.com.br\/portal\/index.php\/wp-json\/wp\/v2\/posts\/19865\/revisions"}],"predecessor-version":[{"id":19867,"href":"https:\/\/dgospel.com.br\/portal\/index.php\/wp-json\/wp\/v2\/posts\/19865\/revisions\/19867"}],"wp:featuredmedia":[{"embeddable":true,"href":"https:\/\/dgospel.com.br\/portal\/index.php\/wp-json\/wp\/v2\/media\/19866"}],"wp:attachment":[{"href":"https:\/\/dgospel.com.br\/portal\/index.php\/wp-json\/wp\/v2\/media?parent=19865"}],"wp:term":[{"taxonomy":"category","embeddable":true,"href":"https:\/\/dgospel.com.br\/portal\/index.php\/wp-json\/wp\/v2\/categories?post=19865"},{"taxonomy":"post_tag","embeddable":true,"href":"https:\/\/dgospel.com.br\/portal\/index.php\/wp-json\/wp\/v2\/tags?post=19865"}],"curies":[{"name":"wp","href":"https:\/\/api.w.org\/{rel}","templated":true}]}}