{"id":19871,"date":"2024-06-20T15:44:31","date_gmt":"2024-06-20T18:44:31","guid":{"rendered":"https:\/\/dgospel.com.br\/portal\/?p=19871"},"modified":"2024-06-20T15:44:33","modified_gmt":"2024-06-20T18:44:33","slug":"wanderlei-barbosa-assina-ordem-de-servico-de-mais-de-r-19-milhoes-para-retomada-da-obra-do-centro-profissionalizante-de-palmas","status":"publish","type":"post","link":"https:\/\/dgospel.com.br\/portal\/index.php\/2024\/06\/20\/wanderlei-barbosa-assina-ordem-de-servico-de-mais-de-r-19-milhoes-para-retomada-da-obra-do-centro-profissionalizante-de-palmas\/","title":{"rendered":"Wanderlei Barbosa assina Ordem de Servi\u00e7o de mais de R$ 19 milh\u00f5es para retomada da obra do Centro Profissionalizante de Palmas"},"content":{"rendered":"\n<p>O governador do Tocantins, Wanderlei Barbosa, acompanhado do ministro da Educa\u00e7\u00e3o, Camilo Santana, assinou nesta quarta-feira, 19, em Palmas, a Ordem de Servi\u00e7o (OS) para a retomada da obra do Centro Profissionalizante de Palmas, avaliada em mais de R$ 19 milh\u00f5es. A solenidade de assinatura contou tamb\u00e9m com a presen\u00e7a da presidente do Fundo Nacional de Desenvolvimento da Educa\u00e7\u00e3o (FNDE), Fernanda Pacobahyba; do vice-governador do Tocantins, Laurez Moreira; do secret\u00e1rio de Estado da Educa\u00e7\u00e3o (Seduc), F\u00e1bio Vaz; e demais autoridades.<br><br>&#8220;N\u00f3s queremos estabelecer e cumprir nossas metas de melhoria com a educa\u00e7\u00e3o, desde o fornecimento de estruturas f\u00edsicas, para que os nossos jovens possam estudar, bem como assegurar que os professores, respons\u00e1veis diretamente pelo ensino, sejam devidamente valorizados&#8221;, ressaltou o Governador.<\/p>\n\n\n\n<p>O vice-governador Laurez Moreira destacou a import\u00e2ncia da retomada da constru\u00e7\u00e3o do Centro Profissionalizante. \u201cEsta obra \u00e9 fundamental para o desenvolvimento do nosso Tocantins. Primeiro, porque est\u00e1 gerando emprego e renda para a comunidade e, depois de conclu\u00edda, vai preparar a nossa juventude, qualificando e dando perspectivas de crescimento&#8221;, pontuou.<br><br><strong>Centro<\/strong>&nbsp;<strong>Profissionalizante<\/strong>&nbsp;<strong>de<\/strong>&nbsp;<strong>Palmas<\/strong><br><br>A constru\u00e7\u00e3o do Centro Profissionalizante de Palmas foi iniciada em dezembro de 2012, mas estava paralisada desde 2016. Para a conclus\u00e3o da obra, ser\u00e3o investidos mais de R$ 19 milh\u00f5es. S\u00e3o R$ 5.377.176,80 provenientes do FNDE (Governo Federal); e o maior valor, o de R$ 14.016.236,60, vem de recursos do Governo do Tocantins.<\/p>\n\n\n\n<p>O&nbsp;centro contar\u00e1 com 12 salas de aula, audit\u00f3rio, biblioteca, teatro de arena, refeit\u00f3rio, \u00e1rea de viv\u00eancia, quadra poliesportiva coberta e dois laborat\u00f3rios especiais para prepara\u00e7\u00e3o de jovens para o mercado de trabalho, adaptados \u00e0s especificidades regionais.<\/p>\n\n\n\n<p>Est\u00e1 localizado na Quadra ACSU-SE 110 (1.102 Sul), Avenida NS-2, Lote 3, possui mais de 5 mil m\u00b2 e est\u00e1 em um terreno de 24 mil m\u00b2. &#8220;Quando assumimos a Secretaria de Estado da Educa\u00e7\u00e3o, havia muitas obras paralisadas e que j\u00e1 foram inauguradas ou est\u00e3o em andamento. O Centro Profissionalizante ser\u00e1 um marco para o Tocantins. Dentro de dois anos, iniciaremos, neste espa\u00e7o, um novo tempo para os jovens tocantinenses, onde esses se profissionalizar\u00e3o e ter\u00e3o melhores oportunidades de trabalho e de qualidade de vida&#8221;, afirmou o titular da Secretaria, F\u00e1bio Vaz.<\/p>\n\n\n\n<p>Presente durante a assinatura de retomada da obra e seguindo agenda de compromissos no Tocantins, que come\u00e7ou com visita institucional ao Pal\u00e1cio Araguaia Governador Jos\u00e9 Wilson Siqueira Campos, o ministro da Educa\u00e7\u00e3o, Camilo Santana, comemorou o retorno da obra de um centro que promete ser necess\u00e1rio para a forma\u00e7\u00e3o profissional dos adolescentes e jovens do Estado. &#8220;A educa\u00e7\u00e3o precisa servir \u00e0s crian\u00e7as e aos jovens de todo o Brasil. O Governo do Tocantins, atualmente, \u00e9 um grande parceiro do Minist\u00e9rio da Educa\u00e7\u00e3o no avan\u00e7o da alfabetiza\u00e7\u00e3o, por isso parabenizamos o Estado por ter sido o que mais avan\u00e7ou no \u00edndice que avaliou a alfabetiza\u00e7\u00e3o em 2023; e somos gratos por esse empenho. Seguimos trabalhando para que juntos, Governo Federal, Estado e munic\u00edpios, possamos apresentar ainda mais melhorias no ensino&#8221;, ressaltou o Ministro.\u00a0\u00a0<br><br>Parte do recurso utilizado na retomada foi viabilizado por meio do FNDE, ap\u00f3s o projeto ter sido apresentado pelo Governo do Tocantins. &#8220;Por meio do nosso plano de retomada, lan\u00e7ado em 2023 pelo Governo Federal, pudemos separar um quantitativo que, agora, ser\u00e1 utilizado para a conclus\u00e3o dessa obra t\u00e3o importante para os jovens tocantinenses&#8221;, ressaltou a presidente do FNDE, Fernanda Pacobahyba.<br><br>Douracy Pereira, m\u00e3e de Rafael Pereira da Gl\u00f3ria, de 18 anos; e da Maria Laura, de 12 anos, reside na quadra em frente ao Centro Profissionalizante e sonha em ver os filhos estudando no local. &#8220;N\u00f3s, moradores da Quadra 1.104 Sul, estamos com muita expectativa com rela\u00e7\u00e3o a essa obra. Ter um centro profissionalizante t\u00e3o pr\u00f3ximo da nossa casa representa uma grande oportunidade para que os jovens da nossa vizinhan\u00e7a possam estudar e aprender uma profiss\u00e3o. Ser\u00e1 um grande presente para todos n\u00f3s\u201d, afirmou.<\/p>\n\n\n\n<p><img src=\"https:\/\/central.to.gov.br\/image\/381716?w=670&amp;h=383\"><\/p>\n\n\n\n<p>Assinatura do documento que autoriza a retomada das obras do Centro Profissionalizante de Palmas pelo governador Wanderlei Barbosa e autoridades presentes &#8211; Aldemar Ribeiro\/Governo do Tocantins\u00a0<\/p>\n\n\n\n<p><img src=\"https:\/\/central.to.gov.br\/image\/381712?w=670&amp;h=383\"><\/p>\n\n\n\n<p>Centro contar\u00e1 com 12 salas de aula, audit\u00f3rio, biblioteca, teatro de arena, refeit\u00f3rio, \u00e1rea de viv\u00eancia, quadra poliesportiva coberta e dois laborat\u00f3rios especiais para prepara\u00e7\u00e3o de jovens para o mercado de trabalho &#8211; Adilvan Nogueira\/ Governo do Tocantins\u00a0<\/p>\n\n\n\n<p><img src=\"https:\/\/central.to.gov.br\/image\/381710?w=670&amp;h=383\"><\/p>\n\n\n\n<p>Ministro da Educa\u00e7\u00e3o, Camilo Santana, ressaltou a import\u00e2ncia do Centro durante a cerim\u00f4nia de assinatura da Ordem de Servi\u00e7o &#8211; Aldemar Ribeiro\/Governo do Tocantins\u00a0<\/p>\n\n\n\n<p><img src=\"https:\/\/central.to.gov.br\/image\/381714?w=670&amp;h=383\"><\/p>\n\n\n\n<p>Vice-governador Laurez Moreira ressaltou os benef\u00edcios da retomada da obra para a comunidade local &#8211; Aldemar Ribeiro\/Governo do Tocantins\u00a0<\/p>\n\n\n\n<p><img src=\"https:\/\/central.to.gov.br\/image\/381715?w=670&amp;h=383\"><\/p>\n\n\n\n<p>Douracy Pereira, moradora da quadra 1104 sul, expressou sua esperan\u00e7a de ver os filhos estudando no novo centro &#8211; Aldemar Ribeiro\/Governo do Tocantins\u00a0<\/p>\n\n\n\n<p><img src=\"https:\/\/central.to.gov.br\/image\/381713?w=670&amp;h=383\"><\/p>\n\n\n\n<p>Secret\u00e1rio da Educa\u00e7\u00e3o, F\u00e1bio Vaz, destacou as futuras oportunidades para os jovens tocantinenses no novo centro profissionalizante &#8211; Aldemar Ribeiro\/Governo do Tocantins\u00a0<\/p>\n\n\n\n<p><img src=\"https:\/\/central.to.gov.br\/image\/381711?w=670&amp;h=383\"><\/p>\n\n\n\n<p>Presidente do FNDE, Fernanda Pacobahyba, destacou o investimento do \u00f3rg\u00e3o federal para a conclus\u00e3o do Centro Profissionalizante &#8211; Aldivan Nogueira\/Governo do Tocantins\u00a0<\/p>\n\n\n\n<p><img src=\"https:\/\/central.to.gov.br\/image\/381708?w=670&amp;h=383\"><\/p>\n\n\n\n<p>Governador Wanderlei Barbosa e Ministro Educa\u00e7\u00e3o durante visita \u00e0 obra do Centro Profissionalizante de Palmas &#8211; Adilvan Nogueira\/Governo do Tocantins\u00a0<\/p>\n\n\n\n<p><img src=\"https:\/\/central.to.gov.br\/image\/381709?w=670&amp;h=383\"><\/p>\n\n\n\n<p>Governador Wanderlei Barbosa ressalta compromisso em estabelecer e cumprir metas de melhoria com a educa\u00e7\u00e3o &#8211; Aldemar Ribeiro\/Governo do Tocantins<\/p>\n","protected":false},"excerpt":{"rendered":"<p>O governador do Tocantins, Wanderlei Barbosa, acompanhado do ministro da Educa\u00e7\u00e3o, Camilo Santana, assinou nesta quarta-feira, 19, em Palmas, a Ordem de Servi\u00e7o (OS) para a retomada da obra do Centro Profissionalizante de Palmas, avaliada em mais de R$ 19 milh\u00f5es. A solenidade de assinatura contou tamb\u00e9m com a presen\u00e7a da presidente do Fundo Nacional [&hellip;]<\/p>\n","protected":false},"author":2,"featured_media":19872,"comment_status":"open","ping_status":"open","sticky":false,"template":"","format":"standard","meta":[],"categories":[3],"tags":[13],"_links":{"self":[{"href":"https:\/\/dgospel.com.br\/portal\/index.php\/wp-json\/wp\/v2\/posts\/19871"}],"collection":[{"href":"https:\/\/dgospel.com.br\/portal\/index.php\/wp-json\/wp\/v2\/posts"}],"about":[{"href":"https:\/\/dgospel.com.br\/portal\/index.php\/wp-json\/wp\/v2\/types\/post"}],"author":[{"embeddable":true,"href":"https:\/\/dgospel.com.br\/portal\/index.php\/wp-json\/wp\/v2\/users\/2"}],"replies":[{"embeddable":true,"href":"https:\/\/dgospel.com.br\/portal\/index.php\/wp-json\/wp\/v2\/comments?post=19871"}],"version-history":[{"count":1,"href":"https:\/\/dgospel.com.br\/portal\/index.php\/wp-json\/wp\/v2\/posts\/19871\/revisions"}],"predecessor-version":[{"id":19873,"href":"https:\/\/dgospel.com.br\/portal\/index.php\/wp-json\/wp\/v2\/posts\/19871\/revisions\/19873"}],"wp:featuredmedia":[{"embeddable":true,"href":"https:\/\/dgospel.com.br\/portal\/index.php\/wp-json\/wp\/v2\/media\/19872"}],"wp:attachment":[{"href":"https:\/\/dgospel.com.br\/portal\/index.php\/wp-json\/wp\/v2\/media?parent=19871"}],"wp:term":[{"taxonomy":"category","embeddable":true,"href":"https:\/\/dgospel.com.br\/portal\/index.php\/wp-json\/wp\/v2\/categories?post=19871"},{"taxonomy":"post_tag","embeddable":true,"href":"https:\/\/dgospel.com.br\/portal\/index.php\/wp-json\/wp\/v2\/tags?post=19871"}],"curies":[{"name":"wp","href":"https:\/\/api.w.org\/{rel}","templated":true}]}}