{"id":19874,"date":"2024-06-20T15:52:45","date_gmt":"2024-06-20T18:52:45","guid":{"rendered":"https:\/\/dgospel.com.br\/portal\/?p=19874"},"modified":"2024-06-20T15:52:47","modified_gmt":"2024-06-20T18:52:47","slug":"em-tocantinia-governador-wanderlei-barbosa-inaugura-complexo-poliesportivo-que-recebeu-r-2-milhoes-do-estado","status":"publish","type":"post","link":"https:\/\/dgospel.com.br\/portal\/index.php\/2024\/06\/20\/em-tocantinia-governador-wanderlei-barbosa-inaugura-complexo-poliesportivo-que-recebeu-r-2-milhoes-do-estado\/","title":{"rendered":"Em Tocant\u00ednia, governador Wanderlei Barbosa inaugura Complexo Poliesportivo que recebeu R$ 2 milh\u00f5es do Estado"},"content":{"rendered":"\n<p>O governador do Tocantins, Wanderlei Barbosa, inaugurou na tarde desta quarta-feira, 19, o Complexo Poliesportivo Jos\u00e9 Wilson Siqueira Campos, em Tocant\u00ednia. Com um investimento total de R$ 2,4 milh\u00f5es, a estrutura foi celebrada como um avan\u00e7o significativo para a comunidade local. O chefe de Estado tamb\u00e9m participou da entrega da obra de revitaliza\u00e7\u00e3o do samb\u00f3dromo e das melhorias na ilumina\u00e7\u00e3o p\u00fablica municipal do Setor Aeroporto. Tamb\u00e9m participou da cerim\u00f4nia o secret\u00e1rio interino dos Esportes e Juventude (Seju), Atos Gomes.<\/p>\n\n\n\n<p>Durante a cerim\u00f4nia, o governador Wanderlei Barbosa expressou sua satisfa\u00e7\u00e3o com a conclus\u00e3o da obra e reiterou o compromisso do Governo do Tocantins em continuar investindo em projetos que beneficiem diretamente a popula\u00e7\u00e3o, especialmente por meio do esporte e do lazer. \u201cTemos entregado obras por todo o Estado. Esse complexo esportivo que eu estou entregando \u00e9 um espa\u00e7o que vem para atender a juventude e a popula\u00e7\u00e3o em geral, trazendo melhoria na qualidade de vida. Celebramos n\u00e3o apenas uma nova infraestrutura, mas tamb\u00e9m um marco de progresso e desenvolvimento regional\u201d, destacou Wanderlei Barbosa.<\/p>\n\n\n\n<p>O secret\u00e1rio interino da Seju, Atos Gomes, enfatizou o compromisso do Governo de proporcionar mais qualidade de vida e oportunidades para a pr\u00e1tica esportiva em todo o Estado. \u201cEstamos muito felizes em proporcionar \u00e0 popula\u00e7\u00e3o, \u00e0 juventude e aos atletas de Tocant\u00ednia, pra\u00e7as esportivas como esta. Temos mais de 50 conv\u00eanios na \u00e1rea do esporte no Programa de Fortalecimento. Neste momento \u00e9 poss\u00edvel, gra\u00e7as ao governador Wanderlei Barbosa, que prioriza o esporte e, hoje&nbsp;<em>[quarta, 19],<\/em>&nbsp;entrega \u00e0 popula\u00e7\u00e3o um projeto que vai fomentar a economia e melhorar a qualidade de vida de jovens e atletas\u201d, destacou Atos Gomes.<\/p>\n\n\n\n<p><strong>Complexo Esportivo<\/strong><\/p>\n\n\n\n<p>A obra tem um aporte financeiro de R$ 2 milh\u00f5es provenientes do Governo do Tocantins, por meio da Secretaria de Estado dos Esportes e Juventude (Seju), como parte do Programa de Fortalecimento da Economia e Gera\u00e7\u00e3o de Emprego, e uma contrapartida de R$ 472.315,82 da Prefeitura de Tocant\u00ednia.<\/p>\n\n\n\n<p>O prefeito em exerc\u00edcio, Jo\u00e3o Alberto, agradeceu a parceria do Governo do Tocantins que possibilitou a constru\u00e7\u00e3o dessa importante obra para a cidade. \u201cEstamos muito felizes em receber o Governador para inaugurar esta obra que obteve um aporte de mais de 2 milh\u00f5es do Estado. Al\u00e9m do complexo, tamb\u00e9m iremos entregar \u00e0 popula\u00e7\u00e3o a ilumina\u00e7\u00e3o p\u00fablica e o samb\u00f3dromo, centro de refer\u00eancia da nossa cidade\u201d, salientou o prefeito em exerc\u00edcio.<\/p>\n\n\n\n<p>\u201cEstamos muito gratos por ter essa parceria com o nosso Governador, que retornou mais uma vez a Tocant\u00ednia, trazendo bem-estar e benef\u00edcios para a nossa popula\u00e7\u00e3o\u201d, completou o prefeito licenciado de Tocant\u00ednia, Manoel Silvino.<\/p>\n\n\n\n<p><strong>Popula\u00e7\u00e3o Grata<\/strong><\/p>\n\n\n\n<p>A professora de educa\u00e7\u00e3o f\u00edsica das escolas da zona rural de Tocant\u00ednia, Railane Santos, ressaltou que o espa\u00e7o servir\u00e1 para in\u00fameras competi\u00e7\u00f5es esportivas da regi\u00e3o. \u201cA gente n\u00e3o tinha uma obra dessa magnitude. Somos da zona rural e nos sentimos contemplados, porque iremos utilizar muito esse espa\u00e7o, participando de interclasses, jogos estudantis e amistosos\u201d, afirmou Railane Santos.<\/p>\n\n\n\n<p>\u201cHoje \u00e9 um dia muito feliz para todos n\u00f3s, pois agora temos uma estrutura assim na nossa cidade para a pr\u00e1tica esportiva. Pretendo usar muito o espa\u00e7o, que ficou incr\u00edvel\u201d, afirmou o jovem estudante e morador de Tocant\u00ednia, Pietro Neres.<\/p>\n\n\n\n<p>Ap\u00f3s a entrega do Poliesportivo \u00e0 comunidade, foi realizada uma partida de futebol com as autoridades do Governo do Tocantins e da Prefeitura de Tocant\u00ednia.<\/p>\n\n\n\n<p><strong>Pavimenta\u00e7\u00e3o da TO-010<\/strong><\/p>\n\n\n\n<p>Durante seu discurso, o governador Wanderlei Barbosa declarou estar trabalhando firmemente para realizar a pavimenta\u00e7\u00e3o asf\u00e1ltica da TO-010, que liga as cidades de Lajeado e Tocant\u00ednia. \u201cQuero vos informar que estamos finalizando os processos burocr\u00e1ticos para, enfim, realizar o sonho de pavimenta\u00e7\u00e3o da TO-010. Todo o projeto est\u00e1 pronto para ser executado. Esse \u00e9 um compromisso meu com a popula\u00e7\u00e3o de Tocant\u00ednia. Temos realizado isso por todo o Estado e iremos fazer aqui tamb\u00e9m\u201d, declarou o Governador na ocasi\u00e3o.<\/p>\n\n\n\n<p>O trecho em quest\u00e3o abrange 8 km que, al\u00e9m de conectar munic\u00edpios do Estado, oferece acesso \u00e0s comunidades ind\u00edgenas da regi\u00e3o.<\/p>\n\n\n\n<p><img src=\"https:\/\/central.to.gov.br\/image\/381803?w=670&amp;h=383\"><\/p>\n\n\n\n<p>Governador Wanderlei Barbosa anuncia a pavimenta\u00e7\u00e3o da TO-010, que ligar\u00e1 Lajeado a Tocant\u00ednia, beneficiando comunidades ind\u00edgenas locais &#8211; Esequias Ara\u00fajo\/Governo do Tocantins\u00a0<\/p>\n\n\n\n<p><img src=\"https:\/\/central.to.gov.br\/image\/381802?w=670&amp;h=383\"><\/p>\n\n\n\n<p>Autoridades do Governo do Estado e da Prefeitura de Tocant\u00ednia participam de partida de futebol ap\u00f3s a inaugura\u00e7\u00e3o do Complexo Poliesportivo &#8211; Esequias Ara\u00fajo\/Governo do Tocantins\u00a0<\/p>\n\n\n\n<p><img src=\"https:\/\/central.to.gov.br\/image\/381801?w=670&amp;h=383\"><\/p>\n\n\n\n<p>Pietro Neres, estudante de Tocant\u00ednia, expressa sua alegria com a nova estrutura esportiva dispon\u00edvel na cidade &#8211; Esequias Ara\u00fajo\/Governo do Tocantins<\/p>\n\n\n\n<p><img src=\"https:\/\/central.to.gov.br\/image\/381800?w=670&amp;h=383\"><\/p>\n\n\n\n<p>A professora de educa\u00e7\u00e3o f\u00edsica, Railane Santos, celebra a nova infraestrutura, que beneficiar\u00e1 in\u00fameras competi\u00e7\u00f5es esportivas na regi\u00e3o &#8211; Esequias Ara\u00fajo\/Governo do Tocantins\u00a0<\/p>\n\n\n\n<p><img src=\"https:\/\/central.to.gov.br\/image\/381799?w=670&amp;h=383\"><\/p>\n\n\n\n<p>Secret\u00e1rio interino dos Esportes e Juventude, Atos Gomes, enfatiza o compromisso do governo com a promo\u00e7\u00e3o do esporte e lazer no Estado &#8211; Esequias Ara\u00fajo\/Governo do Tocantins\u00a0<\/p>\n\n\n\n<p><img src=\"https:\/\/central.to.gov.br\/image\/381798?w=670&amp;h=383\"><\/p>\n\n\n\n<p>Governador Wanderlei Barbosa durante seu discurso na inaugura\u00e7\u00e3o do Complexo Poliesportivo, destacando a import\u00e2ncia do investimento para a comunidade &#8211; Esequias Ara\u00fajo\/Governo do Tocantins\u00a0<\/p>\n\n\n\n<p><img src=\"https:\/\/central.to.gov.br\/image\/381797?w=670&amp;h=383\"><\/p>\n\n\n\n<p>O Complexo Poliesportivo em Tocant\u00ednia inclui quadras de v\u00f4lei de areia, quadra poliesportiva coberta e campo society &#8211; Gabriel Alencar\/Governo do Tocantins\u00a0<\/p>\n","protected":false},"excerpt":{"rendered":"<p>O governador do Tocantins, Wanderlei Barbosa, inaugurou na tarde desta quarta-feira, 19, o Complexo Poliesportivo Jos\u00e9 Wilson Siqueira Campos, em Tocant\u00ednia. Com um investimento total de R$ 2,4 milh\u00f5es, a estrutura foi celebrada como um avan\u00e7o significativo para a comunidade local. O chefe de Estado tamb\u00e9m participou da entrega da obra de revitaliza\u00e7\u00e3o do samb\u00f3dromo [&hellip;]<\/p>\n","protected":false},"author":2,"featured_media":19875,"comment_status":"open","ping_status":"open","sticky":false,"template":"","format":"standard","meta":[],"categories":[3],"tags":[13],"_links":{"self":[{"href":"https:\/\/dgospel.com.br\/portal\/index.php\/wp-json\/wp\/v2\/posts\/19874"}],"collection":[{"href":"https:\/\/dgospel.com.br\/portal\/index.php\/wp-json\/wp\/v2\/posts"}],"about":[{"href":"https:\/\/dgospel.com.br\/portal\/index.php\/wp-json\/wp\/v2\/types\/post"}],"author":[{"embeddable":true,"href":"https:\/\/dgospel.com.br\/portal\/index.php\/wp-json\/wp\/v2\/users\/2"}],"replies":[{"embeddable":true,"href":"https:\/\/dgospel.com.br\/portal\/index.php\/wp-json\/wp\/v2\/comments?post=19874"}],"version-history":[{"count":1,"href":"https:\/\/dgospel.com.br\/portal\/index.php\/wp-json\/wp\/v2\/posts\/19874\/revisions"}],"predecessor-version":[{"id":19876,"href":"https:\/\/dgospel.com.br\/portal\/index.php\/wp-json\/wp\/v2\/posts\/19874\/revisions\/19876"}],"wp:featuredmedia":[{"embeddable":true,"href":"https:\/\/dgospel.com.br\/portal\/index.php\/wp-json\/wp\/v2\/media\/19875"}],"wp:attachment":[{"href":"https:\/\/dgospel.com.br\/portal\/index.php\/wp-json\/wp\/v2\/media?parent=19874"}],"wp:term":[{"taxonomy":"category","embeddable":true,"href":"https:\/\/dgospel.com.br\/portal\/index.php\/wp-json\/wp\/v2\/categories?post=19874"},{"taxonomy":"post_tag","embeddable":true,"href":"https:\/\/dgospel.com.br\/portal\/index.php\/wp-json\/wp\/v2\/tags?post=19874"}],"curies":[{"name":"wp","href":"https:\/\/api.w.org\/{rel}","templated":true}]}}