{"id":19886,"date":"2024-06-20T16:29:03","date_gmt":"2024-06-20T19:29:03","guid":{"rendered":"https:\/\/dgospel.com.br\/portal\/?p=19886"},"modified":"2024-06-20T16:29:05","modified_gmt":"2024-06-20T19:29:05","slug":"que-monstro-vai-sair-do-ventre-diz-lula-sobre-bebes-ao-se-posicionar-contra-pl-1904","status":"publish","type":"post","link":"https:\/\/dgospel.com.br\/portal\/index.php\/2024\/06\/20\/que-monstro-vai-sair-do-ventre-diz-lula-sobre-bebes-ao-se-posicionar-contra-pl-1904\/","title":{"rendered":"\u2018Que monstro vai sair do ventre?\u2019, diz Lula sobre beb\u00eas ao se posicionar contra PL 1904"},"content":{"rendered":"\n<p>Lula (PT) afirmou em entrevista que se posiciona contra o PL 1904 por considerar que o beb\u00ea que eventualmente seja concebido em uma rela\u00e7\u00e3o sexual de estupro seria um \u201cmonstro\u201d.<\/p>\n\n\n\n<p>Em entrevista \u00e0 r\u00e1dio&nbsp;<em>CBN<\/em>, Lula se op\u00f4s ao PL 1904, que equipara o aborto ap\u00f3s a 22\u00aa semana de gesta\u00e7\u00e3o a homic\u00eddio. A proposta do projeto de lei surgiu ap\u00f3s o Supremo Tribunal Federal autorizar o procedimento de assistolia fetal, que era proibido pelo Conselho Federal de Medicina (CFM).<\/p>\n\n\n\n<p>A assistolia fetal \u00e9 considerada um m\u00e9todo cruel at\u00e9 mesmo para a pr\u00e1tica veterin\u00e1ria, dado o grau de sofrimento que \u00e9 imposto aos animais. No Brasil, a pr\u00e1tica era proibida pelo CFM at\u00e9 a decis\u00e3o do STF.<\/p>\n\n\n\n<p>O pastor S\u00f3stenes Cavalcante (PL-RJ) reagiu \u00e0 decis\u00e3o do STF e apresentou o PL 1904, que consiste em criminalizar a pr\u00e1tica de aborto, por qualquer m\u00e9todo, ap\u00f3s a 22\u00aa semana de gesta\u00e7\u00e3o. A proposta regulamenta o prazo para abortos legais, permitidos na Constitui\u00e7\u00e3o Federal, como no caso de estupro e risco de morte para a m\u00e3e. Al\u00e9m desses dois casos, o STF decidiu que em casos de anencefalia a pr\u00e1tica tamb\u00e9m \u00e9 permitida pela lei brasileira.<\/p>\n\n\n\n<p>Com o avan\u00e7o da medicina, a vida do beb\u00ea \u00e9 considerada vi\u00e1vel fora do ventre ap\u00f3s a 22\u00aa semana. Assim, a l\u00f3gica do projeto envolve a equipara\u00e7\u00e3o do crime de aborto nessas circunst\u00e2ncias ao homic\u00eddio.<\/p>\n\n\n\n<p>Opositor do projeto, Lula declarou: \u201cPor qu\u00ea uma menina \u00e9 obrigada a ter um filho de um cara que estuprou ela? Que monstro vai sair do ventre dessa menina?\u201d, associando o beb\u00ea ao crime cometido pelo pai biol\u00f3gico.<\/p>\n\n\n\n<p>A vereadora evang\u00e9lica Sonaira Fernandes (PL-SP) protestou contra as declara\u00e7\u00f5es do petista: \u201cQue absurdo! Que culpa tem o beb\u00ea? O adequado n\u00e3o seria criar leis mais duras contra 3stupr@dor3s, para reduzir esse tipo de crime?\u201d,&nbsp;<a href=\"https:\/\/www.instagram.com\/p\/C8XTkVMuNvY\/\">questionou<\/a>.<\/p>\n\n\n\n<p>S\u00f3stenes Cavalcante declarou ter 300 votos entre os deputados federais para aprovar o PL 1904, que tramita em regime de urg\u00eancia na C\u00e2mara: \u201cO projeto ganhou o apoio na C\u00e2mara da bancada bolsonarista. H\u00e1 um compromisso do [presidente da C\u00e2mara] Arthur Lira com a Frente Evang\u00e9lica de que ele pautaria [o projeto de lei]\u201d, disse o parlamentar.<\/p>\n\n\n\n<figure class=\"wp-block-embed is-type-video is-provider-youtube wp-block-embed-youtube wp-embed-aspect-16-9 wp-has-aspect-ratio\"><div class=\"wp-block-embed__wrapper\">\n<iframe loading=\"lazy\" title=\"Lula sobre estupro de adolescentes: \u201cQue monstro vai sair do ventre dessa menina?\u201d | LIVE CNN\" width=\"630\" height=\"354\" src=\"https:\/\/www.youtube.com\/embed\/G82pJDUwdMY?feature=oembed\" frameborder=\"0\" allow=\"accelerometer; autoplay; clipboard-write; encrypted-media; gyroscope; picture-in-picture; web-share\" referrerpolicy=\"strict-origin-when-cross-origin\" allowfullscreen><\/iframe>\n<\/div><\/figure>\n\n\n\n<p><\/p>\n\n\n\n<p><a href=\"https:\/\/www.instagram.com\/reel\/C8XTkVMuNvY\/?utm_source=ig_embed&amp;ig_rid=46354156-e748-40d2-9bc1-49df6c90e522\">https:\/\/www.instagram.com\/reel\/C8XTkVMuNvY\/?utm_source=ig_embed&amp;ig_rid=46354156-e748-40d2-9bc1-49df6c90e522<\/a><\/p>\n","protected":false},"excerpt":{"rendered":"<p>Lula (PT) afirmou em entrevista que se posiciona contra o PL 1904 por considerar que o beb\u00ea que eventualmente seja concebido em uma rela\u00e7\u00e3o sexual de estupro seria um \u201cmonstro\u201d. Em entrevista \u00e0 r\u00e1dio&nbsp;CBN, Lula se op\u00f4s ao PL 1904, que equipara o aborto ap\u00f3s a 22\u00aa semana de gesta\u00e7\u00e3o a homic\u00eddio. A proposta do [&hellip;]<\/p>\n","protected":false},"author":2,"featured_media":19887,"comment_status":"open","ping_status":"open","sticky":false,"template":"","format":"standard","meta":[],"categories":[4],"tags":[],"_links":{"self":[{"href":"https:\/\/dgospel.com.br\/portal\/index.php\/wp-json\/wp\/v2\/posts\/19886"}],"collection":[{"href":"https:\/\/dgospel.com.br\/portal\/index.php\/wp-json\/wp\/v2\/posts"}],"about":[{"href":"https:\/\/dgospel.com.br\/portal\/index.php\/wp-json\/wp\/v2\/types\/post"}],"author":[{"embeddable":true,"href":"https:\/\/dgospel.com.br\/portal\/index.php\/wp-json\/wp\/v2\/users\/2"}],"replies":[{"embeddable":true,"href":"https:\/\/dgospel.com.br\/portal\/index.php\/wp-json\/wp\/v2\/comments?post=19886"}],"version-history":[{"count":1,"href":"https:\/\/dgospel.com.br\/portal\/index.php\/wp-json\/wp\/v2\/posts\/19886\/revisions"}],"predecessor-version":[{"id":19888,"href":"https:\/\/dgospel.com.br\/portal\/index.php\/wp-json\/wp\/v2\/posts\/19886\/revisions\/19888"}],"wp:featuredmedia":[{"embeddable":true,"href":"https:\/\/dgospel.com.br\/portal\/index.php\/wp-json\/wp\/v2\/media\/19887"}],"wp:attachment":[{"href":"https:\/\/dgospel.com.br\/portal\/index.php\/wp-json\/wp\/v2\/media?parent=19886"}],"wp:term":[{"taxonomy":"category","embeddable":true,"href":"https:\/\/dgospel.com.br\/portal\/index.php\/wp-json\/wp\/v2\/categories?post=19886"},{"taxonomy":"post_tag","embeddable":true,"href":"https:\/\/dgospel.com.br\/portal\/index.php\/wp-json\/wp\/v2\/tags?post=19886"}],"curies":[{"name":"wp","href":"https:\/\/api.w.org\/{rel}","templated":true}]}}