{"id":19889,"date":"2024-06-21T15:10:06","date_gmt":"2024-06-21T18:10:06","guid":{"rendered":"https:\/\/dgospel.com.br\/portal\/?p=19889"},"modified":"2024-06-21T15:10:08","modified_gmt":"2024-06-21T18:10:08","slug":"pastor-wesley-de-sousa-lemos-assume-vice-presidencia-da-junta-comercial-do-estado-do-tocantins","status":"publish","type":"post","link":"https:\/\/dgospel.com.br\/portal\/index.php\/2024\/06\/21\/pastor-wesley-de-sousa-lemos-assume-vice-presidencia-da-junta-comercial-do-estado-do-tocantins\/","title":{"rendered":"Pastor Wesley de Sousa Lemos assume vice-presid\u00eancia da Junta Comercial do Estado do Tocantins"},"content":{"rendered":"\n<p>A Junta Comercial do Estado do Tocantins (Jucetins) tem um novo vice-presidente. O pastor Wesley de Sousa Lemos assumiu o cargo nesta quarta-feira, 19, com a miss\u00e3o de continuar e intensificar o trabalho de desburocratiza\u00e7\u00e3o e simplifica\u00e7\u00e3o do ambiente empresarial do Tocantins. \u201c\u00c9 uma honra imensa assumir a vice-presid\u00eancia da Jucetins. Agrade\u00e7o ao governador Wanderlei Barbosa pela confian\u00e7a depositada em mim. Comprometo-me a trabalhar incansavelmente para contribuir com o desenvolvimento econ\u00f4mico e a simplifica\u00e7\u00e3o dos processos empresariais no nosso estado\u201d, destacou Wesley.<\/p>\n\n\n\n<p>A Jucetins, presidida por Issam Saado, j\u00e1 \u00e9 reconhecida como uma das cinco juntas comerciais mais r\u00e1pidas do Brasil para abrir uma empresa, de acordo com ranking do Governo Federal. Wesley encara com entusiasmo o desafio de estar \u00e0 frente de um \u00f3rg\u00e3o bem gerido e com um corpo de servidores capacitado. \u201cReafirmo meu compromisso em continuar promovendo a excel\u00eancia e a agilidade nos servi\u00e7os prestados, mantendo o Tocantins como refer\u00eancia nacional em desburocratiza\u00e7\u00e3o e efici\u00eancia\u201d, ressaltou.<\/p>\n\n\n\n<p>O novo vice-presidente traz em sua trajet\u00f3ria profissional uma vasta experi\u00eancia com processos de registro mercantil. T\u00e9cnico em contabilidade, Wesley j\u00e1 esteve \u00e0 frente de um escrit\u00f3rio de contabilidade, onde foi respons\u00e1vel por aberturas e altera\u00e7\u00f5es de empresas, al\u00e9m da gest\u00e3o fiscal e financeira. \u201cA experi\u00eancia pr\u00e1tica que adquiri ao longo dos anos me permite entender as necessidades e desafios enfrentados pelos empres\u00e1rios. Estou comprometido em aplicar esse conhecimento na Jucetins, visando aprimorar ainda mais nossos servi\u00e7os\u201d, frisou Wesley.<\/p>\n\n\n\n<p><strong><em>Perfil<\/em><\/strong><\/p>\n\n\n\n<p>Pr. Wesley de Sousa Lemos, natural de Concei\u00e7\u00e3o do Araguaia, Par\u00e1, \u00e9 um l\u00edder com ampla experi\u00eancia em gest\u00e3o, comunica\u00e7\u00e3o e desenvolvimento comunit\u00e1rio. Graduado em Marketing pela Faculdade Est\u00e1cio (2023), T\u00e9cnico em Contabilidade (1999) e Designer Gr\u00e1fico (2017), Pr. Wesley alia uma forma\u00e7\u00e3o s\u00f3lida \u00e0 sua trajet\u00f3ria profissional diversificada.<\/p>\n\n\n\n<p>Sua carreira come\u00e7ou como Auxiliar de Escrit\u00f3rio na M A COCHE &amp; CIA LTDA (1998-1999). Posteriormente, como s\u00f3cio propriet\u00e1rio da CONSIST CONTABILIDADE (2000-2004), ele foi respons\u00e1vel por aberturas e altera\u00e7\u00f5es de empresas, al\u00e9m da gest\u00e3o fiscal e financeira.<\/p>\n\n\n\n<p>No \u00e2mbito ministerial, Pr. Wesley dedicou 13 anos como Pastor Presidente de quatro igrejas sedes pela CIADSETA nos estados de Tocantins e Goi\u00e1s (2005-2018). Desde 2016, ele tamb\u00e9m atua como Presidente da Secretaria de Comunica\u00e7\u00e3o da CIADSETA, modernizando e expandindo a comunica\u00e7\u00e3o da conven\u00e7\u00e3o. Em 2023, assumiu a lideran\u00e7a do Departamento de Comunica\u00e7\u00e3o da AD PALMAS CENTRO, igreja pastoreada pelo Pr. Ant\u00f4nio Xavier, que tamb\u00e9m \u00e9 o 1\u00ba Vice-Presidente da CIADSETA\/TO.<\/p>\n\n\n\n<p>De fevereiro de 2019 a janeiro de 2023, Pr. Wesley foi chefe de gabinete do Deputado Federal Eli Borges em Bras\u00edlia-DF, desempenhando um papel crucial na gest\u00e3o de comunica\u00e7\u00e3o e estrat\u00e9gias pol\u00edticas.<\/p>\n\n\n\n<p>Atualmente, Pr. Wesley \u00e9 o Vice-Presidente da Junta Comercial do Estado do Tocantins (JUCETINS), onde aplica sua vasta experi\u00eancia em lideran\u00e7a, comunica\u00e7\u00e3o e empreendedorismo para promover um ambiente de neg\u00f3cios din\u00e2mico e pr\u00f3spero no estado.<\/p>\n\n\n\n<p><strong><em>Conclus\u00e3o<\/em><\/strong><\/p>\n\n\n\n<p>Com a posse do pastor Wesley de Sousa Lemos, a Jucetins refor\u00e7a seu compromisso com a desburocratiza\u00e7\u00e3o e a efici\u00eancia. A experi\u00eancia diversificada e o perfil dedicado do novo vice-presidente s\u00e3o promissores para a continuidade e o aprimoramento dos servi\u00e7os oferecidos pela junta comercial, beneficiando empres\u00e1rios e fortalecendo o desenvolvimento econ\u00f4mico do Tocantins.<\/p>\n\n\n\n<p><img loading=\"lazy\" src=\"https:\/\/portaldoamaral.com.br\/wp-content\/uploads\/2024\/06\/foto_2jpeg.jpeg\" alt=\"\" width=\"1280\" height=\"960\" srcset=\"https:\/\/portaldoamaral.com.br\/wp-content\/uploads\/2024\/06\/foto_2jpeg.jpeg 1280w, https:\/\/portaldoamaral.com.br\/wp-content\/uploads\/2024\/06\/foto_2jpeg-560x420.jpeg 560w, https:\/\/portaldoamaral.com.br\/wp-content\/uploads\/2024\/06\/foto_2jpeg-768x576.jpeg 768w\"><\/p>\n\n\n\n<p id=\"caption-attachment-152254\"><em>Novo vice-presidente da Jucetins, Wesley Lemos conta com a sua experi\u00eancia na \u00e1rea de registro empresarial para assumir o cargo \u2013 Foto: Philipe Ramos\/Governo do Tocantins<\/em><\/p>\n\n\n\n<p><\/p>\n\n\n\n<p>Fonte: portaldoamaral<\/p>\n","protected":false},"excerpt":{"rendered":"<p>A Junta Comercial do Estado do Tocantins (Jucetins) tem um novo vice-presidente. O pastor Wesley de Sousa Lemos assumiu o cargo nesta quarta-feira, 19, com a miss\u00e3o de continuar e intensificar o trabalho de desburocratiza\u00e7\u00e3o e simplifica\u00e7\u00e3o do ambiente empresarial do Tocantins. \u201c\u00c9 uma honra imensa assumir a vice-presid\u00eancia da Jucetins. Agrade\u00e7o ao governador Wanderlei [&hellip;]<\/p>\n","protected":false},"author":2,"featured_media":19890,"comment_status":"open","ping_status":"open","sticky":false,"template":"","format":"standard","meta":[],"categories":[3],"tags":[13],"_links":{"self":[{"href":"https:\/\/dgospel.com.br\/portal\/index.php\/wp-json\/wp\/v2\/posts\/19889"}],"collection":[{"href":"https:\/\/dgospel.com.br\/portal\/index.php\/wp-json\/wp\/v2\/posts"}],"about":[{"href":"https:\/\/dgospel.com.br\/portal\/index.php\/wp-json\/wp\/v2\/types\/post"}],"author":[{"embeddable":true,"href":"https:\/\/dgospel.com.br\/portal\/index.php\/wp-json\/wp\/v2\/users\/2"}],"replies":[{"embeddable":true,"href":"https:\/\/dgospel.com.br\/portal\/index.php\/wp-json\/wp\/v2\/comments?post=19889"}],"version-history":[{"count":1,"href":"https:\/\/dgospel.com.br\/portal\/index.php\/wp-json\/wp\/v2\/posts\/19889\/revisions"}],"predecessor-version":[{"id":19891,"href":"https:\/\/dgospel.com.br\/portal\/index.php\/wp-json\/wp\/v2\/posts\/19889\/revisions\/19891"}],"wp:featuredmedia":[{"embeddable":true,"href":"https:\/\/dgospel.com.br\/portal\/index.php\/wp-json\/wp\/v2\/media\/19890"}],"wp:attachment":[{"href":"https:\/\/dgospel.com.br\/portal\/index.php\/wp-json\/wp\/v2\/media?parent=19889"}],"wp:term":[{"taxonomy":"category","embeddable":true,"href":"https:\/\/dgospel.com.br\/portal\/index.php\/wp-json\/wp\/v2\/categories?post=19889"},{"taxonomy":"post_tag","embeddable":true,"href":"https:\/\/dgospel.com.br\/portal\/index.php\/wp-json\/wp\/v2\/tags?post=19889"}],"curies":[{"name":"wp","href":"https:\/\/api.w.org\/{rel}","templated":true}]}}