{"id":19898,"date":"2024-06-25T11:09:15","date_gmt":"2024-06-25T14:09:15","guid":{"rendered":"https:\/\/dgospel.com.br\/portal\/?p=19898"},"modified":"2024-06-25T11:09:16","modified_gmt":"2024-06-25T14:09:16","slug":"joaquim-barbosa-lula-e-omisso-e-incapaz-de-liderar-o-pais","status":"publish","type":"post","link":"https:\/\/dgospel.com.br\/portal\/index.php\/2024\/06\/25\/joaquim-barbosa-lula-e-omisso-e-incapaz-de-liderar-o-pais\/","title":{"rendered":"Joaquim Barbosa: \u201cLula \u00e9 omisso e incapaz de liderar o pa\u00eds\u201d"},"content":{"rendered":"\n<p>Nesta segunda-feira (24), Joaquim Barbosa, ex-presidente do Supremo Tribunal Federal (STF) usou uma rede social para criticar Lula (PT). Ele chamou o petista de \u201comisso\u201d.<\/p>\n\n\n\n<p>Barbosa tamb\u00e9m disse que Lula \u201c\u00e9 incapaz de liderar o pa\u00eds em v\u00e1rias \u00e1reas\u201d<\/p>\n\n\n\n<p>\u2013 Infelizmente, em in\u00fameras \u201cquest\u00f5es de sociedade\u201d, o pa\u00eds \u00e9 ac\u00e9falo. O Congresso, omisso, retr\u00f3grado, um horror! O presidente da Rep\u00fablica, tamb\u00e9m omisso em muitas quest\u00f5es, em cima do muro em outras, conservador \u201c\u00e0 la carte\u201d, \u00e9 incapaz de liderar o pa\u00eds em v\u00e1rias \u00e1reas em que poder\u00edamos avan\u00e7ar significativamente se o natural poder de lideran\u00e7a e persuas\u00e3o conferido ao ocupante da cadeira presidencial fosse inteligentemente usado para fazer avan\u00e7ar certas pautas que nos colocam na \u201cvanguarda do obscurantismo\u201d \u2013 escreveu.<\/p>\n\n\n\n<figure class=\"wp-block-image\"><img src=\"https:\/\/static.cdn.pleno.news\/2024\/06\/Screenshot-11-4.png\" alt=\"\" class=\"wp-image-1343080\"\/><\/figure>\n\n\n\n<figure class=\"wp-block-image\"><img src=\"https:\/\/static.cdn.pleno.news\/2024\/06\/Screenshot-13-5.png\" alt=\"\" class=\"wp-image-1343104\"\/><\/figure>\n","protected":false},"excerpt":{"rendered":"<p>Nesta segunda-feira (24), Joaquim Barbosa, ex-presidente do Supremo Tribunal Federal (STF) usou uma rede social para criticar Lula (PT). Ele chamou o petista de \u201comisso\u201d. Barbosa tamb\u00e9m disse que Lula \u201c\u00e9 incapaz de liderar o pa\u00eds em v\u00e1rias \u00e1reas\u201d \u2013 Infelizmente, em in\u00fameras \u201cquest\u00f5es de sociedade\u201d, o pa\u00eds \u00e9 ac\u00e9falo. O Congresso, omisso, retr\u00f3grado, um [&hellip;]<\/p>\n","protected":false},"author":2,"featured_media":19899,"comment_status":"open","ping_status":"open","sticky":false,"template":"","format":"standard","meta":[],"categories":[4],"tags":[13],"_links":{"self":[{"href":"https:\/\/dgospel.com.br\/portal\/index.php\/wp-json\/wp\/v2\/posts\/19898"}],"collection":[{"href":"https:\/\/dgospel.com.br\/portal\/index.php\/wp-json\/wp\/v2\/posts"}],"about":[{"href":"https:\/\/dgospel.com.br\/portal\/index.php\/wp-json\/wp\/v2\/types\/post"}],"author":[{"embeddable":true,"href":"https:\/\/dgospel.com.br\/portal\/index.php\/wp-json\/wp\/v2\/users\/2"}],"replies":[{"embeddable":true,"href":"https:\/\/dgospel.com.br\/portal\/index.php\/wp-json\/wp\/v2\/comments?post=19898"}],"version-history":[{"count":1,"href":"https:\/\/dgospel.com.br\/portal\/index.php\/wp-json\/wp\/v2\/posts\/19898\/revisions"}],"predecessor-version":[{"id":19900,"href":"https:\/\/dgospel.com.br\/portal\/index.php\/wp-json\/wp\/v2\/posts\/19898\/revisions\/19900"}],"wp:featuredmedia":[{"embeddable":true,"href":"https:\/\/dgospel.com.br\/portal\/index.php\/wp-json\/wp\/v2\/media\/19899"}],"wp:attachment":[{"href":"https:\/\/dgospel.com.br\/portal\/index.php\/wp-json\/wp\/v2\/media?parent=19898"}],"wp:term":[{"taxonomy":"category","embeddable":true,"href":"https:\/\/dgospel.com.br\/portal\/index.php\/wp-json\/wp\/v2\/categories?post=19898"},{"taxonomy":"post_tag","embeddable":true,"href":"https:\/\/dgospel.com.br\/portal\/index.php\/wp-json\/wp\/v2\/tags?post=19898"}],"curies":[{"name":"wp","href":"https:\/\/api.w.org\/{rel}","templated":true}]}}