{"id":19902,"date":"2024-06-25T11:12:51","date_gmt":"2024-06-25T14:12:51","guid":{"rendered":"https:\/\/dgospel.com.br\/portal\/?p=19902"},"modified":"2024-06-25T11:12:53","modified_gmt":"2024-06-25T14:12:53","slug":"bardella-estamos-prontos-para-governar-a-franca","status":"publish","type":"post","link":"https:\/\/dgospel.com.br\/portal\/index.php\/2024\/06\/25\/bardella-estamos-prontos-para-governar-a-franca\/","title":{"rendered":"Bardella: \u201cEstamos prontos para governar a Fran\u00e7a\u201d"},"content":{"rendered":"\n<p>Nesta segunda-feira (24) Jordan Bardella, candidato de direita ao cargo de primeiro-ministro da Fran\u00e7a, declarou estar preparado para governar o pa\u00eds. A declara\u00e7\u00e3o ocorre seis dias antes do primeiro turno das elei\u00e7\u00f5es legislativas.<\/p>\n\n\n\n<p>\u2013 O Reagrupamento Nacional (RN) \u00e9 atualmente o \u00fanico movimento que pode implementar as aspira\u00e7\u00f5es dos franceses. Em tr\u00eas palavras: n\u00f3s estamos preparados \u2013 disse, em seu programa eleitoral.<\/p>\n\n\n\n<p>O RN e seus aliados lideram as pesquisas para as legislativas com cerca de 35% a 36% das inten\u00e7\u00f5es de voto, seguidos pela coaliz\u00e3o de esquerda Nova Frente Popular (NFP) com 27% a 29,5%, al\u00e9m da alian\u00e7a centrista de Emmanuel Macron, com aproximadamente 20%.<\/p>\n\n\n\n<p>Bardella, de 28 anos, \u00e9 uma figura em ascens\u00e3o na direita francesa e venceu as elei\u00e7\u00f5es europeias de 9 de junho, levando o presidente a antecipar as legislativas que estavam programadas para 2027.<\/p>\n\n\n\n<p>O candidato tem feito discursos focando em temas como seguran\u00e7a, controle da imigra\u00e7\u00e3o e reformas no sistema educacional, incluindo a introdu\u00e7\u00e3o de uniformes escolares e a proibi\u00e7\u00e3o de celulares nas escolas.<\/p>\n\n\n\n<p>Ele tem feito tamb\u00e9m v\u00e1rias cr\u00edticas a Macron, acusando-o de enfraquecer o pa\u00eds nestes sete anos de governo. Bardella cita, por exemplo, altos n\u00edveis de d\u00edvida, d\u00e9ficit p\u00fablicos, o aumento da imigra\u00e7\u00e3o e a crise econ\u00f4mica.<\/p>\n\n\n\n<p>\u2013 A Fran\u00e7a vai virar a Venezuela, mas sem petr\u00f3leo \u2013 disse o jovem pol\u00edtico.<\/p>\n\n\n\n<p>Siga<\/p>\n","protected":false},"excerpt":{"rendered":"<p>Nesta segunda-feira (24) Jordan Bardella, candidato de direita ao cargo de primeiro-ministro da Fran\u00e7a, declarou estar preparado para governar o pa\u00eds. A declara\u00e7\u00e3o ocorre seis dias antes do primeiro turno das elei\u00e7\u00f5es legislativas. \u2013 O Reagrupamento Nacional (RN) \u00e9 atualmente o \u00fanico movimento que pode implementar as aspira\u00e7\u00f5es dos franceses. Em tr\u00eas palavras: n\u00f3s estamos [&hellip;]<\/p>\n","protected":false},"author":2,"featured_media":19903,"comment_status":"open","ping_status":"open","sticky":false,"template":"","format":"standard","meta":[],"categories":[12,16],"tags":[],"_links":{"self":[{"href":"https:\/\/dgospel.com.br\/portal\/index.php\/wp-json\/wp\/v2\/posts\/19902"}],"collection":[{"href":"https:\/\/dgospel.com.br\/portal\/index.php\/wp-json\/wp\/v2\/posts"}],"about":[{"href":"https:\/\/dgospel.com.br\/portal\/index.php\/wp-json\/wp\/v2\/types\/post"}],"author":[{"embeddable":true,"href":"https:\/\/dgospel.com.br\/portal\/index.php\/wp-json\/wp\/v2\/users\/2"}],"replies":[{"embeddable":true,"href":"https:\/\/dgospel.com.br\/portal\/index.php\/wp-json\/wp\/v2\/comments?post=19902"}],"version-history":[{"count":1,"href":"https:\/\/dgospel.com.br\/portal\/index.php\/wp-json\/wp\/v2\/posts\/19902\/revisions"}],"predecessor-version":[{"id":19904,"href":"https:\/\/dgospel.com.br\/portal\/index.php\/wp-json\/wp\/v2\/posts\/19902\/revisions\/19904"}],"wp:featuredmedia":[{"embeddable":true,"href":"https:\/\/dgospel.com.br\/portal\/index.php\/wp-json\/wp\/v2\/media\/19903"}],"wp:attachment":[{"href":"https:\/\/dgospel.com.br\/portal\/index.php\/wp-json\/wp\/v2\/media?parent=19902"}],"wp:term":[{"taxonomy":"category","embeddable":true,"href":"https:\/\/dgospel.com.br\/portal\/index.php\/wp-json\/wp\/v2\/categories?post=19902"},{"taxonomy":"post_tag","embeddable":true,"href":"https:\/\/dgospel.com.br\/portal\/index.php\/wp-json\/wp\/v2\/tags?post=19902"}],"curies":[{"name":"wp","href":"https:\/\/api.w.org\/{rel}","templated":true}]}}