{"id":19908,"date":"2024-06-25T11:24:29","date_gmt":"2024-06-25T14:24:29","guid":{"rendered":"https:\/\/dgospel.com.br\/portal\/?p=19908"},"modified":"2024-06-25T11:24:31","modified_gmt":"2024-06-25T14:24:31","slug":"pantanal-registra-maior-numero-de-focos-de-incendio-no-primeiro-semestre-desde-1988","status":"publish","type":"post","link":"https:\/\/dgospel.com.br\/portal\/index.php\/2024\/06\/25\/pantanal-registra-maior-numero-de-focos-de-incendio-no-primeiro-semestre-desde-1988\/","title":{"rendered":"Pantanal registra maior n\u00famero de focos de inc\u00eandio no primeiro semestre desde 1988"},"content":{"rendered":"\n<p>O Pantanal teve a maior quantidade de<a href=\"https:\/\/noticias.r7.com\/brasilia\/governo-gastara-o-necessario-para-combater-incendios-no-pantanal-diz-tebet-24062024\/\" target=\"_blank\" rel=\"noreferrer noopener\"><strong>&nbsp;focos de inc\u00eandio<\/strong><\/a>j\u00e1 registrada no primeiro semestre desde 1988, quando as queimadas come\u00e7aram a ser&nbsp;<a href=\"https:\/\/noticias.r7.com\/jr-na-tv\/video\/estiagem-compromete-o-pantanal-e-muda-a-paisagem-no-mato-grosso-do-sul-22062024\/\" target=\"_blank\" rel=\"noreferrer noopener\"><strong>monitoradas por sat\u00e9lites<\/strong><\/a>&nbsp;pelo Inpe (Instituto Nacional de Pesquisas Espaciais). Entre 1\u00ba de janeiro e 23 de junho deste ano, foram detectados 3.262<a href=\"https:\/\/noticias.r7.com\/mato-grosso\/cenario-mt\/bombeiros-combatem-incendios-no-pantanal-de-mato-grosso-24062024\/\" target=\"_blank\" rel=\"noreferrer noopener\"><strong>&nbsp;queimadas<\/strong><\/a>, um n\u00famero 22 vezes maior que o registrado no mesmo per\u00edodo do ano passado (+2.134%), segundo dados do instituto.<\/p>\n\n\n\n<p>Este ano, o Pantanal bateu tamb\u00e9m o recorde de queimadas ocorridas no primeiro semestre de 2020. Naquele ano, foram 2.534 focos entre janeiro e junho e, ao fim de 12 meses, o fogo atingiu 22.116 focos. Aproximadamente 26% do Pantanal foi consumido pelo fogo, afetando pelo menos 65 milh\u00f5es de animais vertebrados nativos e 4 bilh\u00f5es de invertebrados, de acordo com o levantamento.<\/p>\n\n\n\n<p>De acordo com especialistas, o aumento das queimadas no Pantanal em 2024 est\u00e1 ligado principalmente \u00e0 crise clim\u00e1tica, uma vez que o bioma enfrenta seca severa. As chuvas escassas e irregulares nos primeiros meses de 2024 foram insuficientes para transbordar os rios e conectar lagoas e o rio Paraguai, principal rio do bioma, que teve n\u00edveis baixos para esta \u00e9poca do ano.<\/p>\n\n\n\n<p>\u201cUma combina\u00e7\u00e3o de fatores tem colaborado para o aumento das queimadas no Pantanal. Podemos destacar as altera\u00e7\u00f5es clim\u00e1ticas, o desmatamento na Amaz\u00f4nia, no Cerrado e no Pantanal, al\u00e9m da atua\u00e7\u00e3o do El Ni\u00f1o, que traz um per\u00edodo mais seco para as regi\u00f5es do Centro-Oeste brasileiro. Todos esses elementos afetam diretamente o ciclo de chuvas e o ac\u00famulo de \u00e1gua no territ\u00f3rio\u201d, afirma Cyntia Santos, analista de Conserva\u00e7\u00e3o do WWF-Brasil.<\/p>\n\n\n\n<p>Al\u00e9m das mudan\u00e7as clim\u00e1ticas, as queimadas no Pantanal tamb\u00e9m est\u00e3o associadas \u00e0 a\u00e7\u00e3o humana no Cerrado, devido \u00e0 interconex\u00e3o entre os biomas. O desmatamento no Cerrado do Planalto, onde est\u00e3o as cabeceiras dos rios que abastecem a Plan\u00edcie Pantaneira, contribui para a seca extrema no Pantanal.<\/p>\n\n\n\n<p id=\"vjs_video_3_component_1015_description\">Cyntia Santos ressalta que \u00e9 necess\u00e1rio um olhar sist\u00eamico para o bioma. \u201cAs cabeceiras do Pantanal, por exemplo, s\u00e3o \u00e1reas priorit\u00e1rias para a preserva\u00e7\u00e3o e restaura\u00e7\u00e3o do bioma, e elas est\u00e3o no Cerrado, que conecta \u00e1reas importantes da Amaz\u00f4nia. Todos esses biomas v\u00eam sendo sistematicamente desmatados. Precisamos de um esfor\u00e7o conjunto para controlar o desmatamento e recuperar \u00e1reas degradadas, de forma que possamos aumentar a resili\u00eancia das esp\u00e9cies que enfrentam as intemp\u00e9ries clim\u00e1ticas\u201d, afirma.<\/p>\n","protected":false},"excerpt":{"rendered":"<p>O Pantanal teve a maior quantidade de&nbsp;focos de inc\u00eandioj\u00e1 registrada no primeiro semestre desde 1988, quando as queimadas come\u00e7aram a ser&nbsp;monitoradas por sat\u00e9lites&nbsp;pelo Inpe (Instituto Nacional de Pesquisas Espaciais). Entre 1\u00ba de janeiro e 23 de junho deste ano, foram detectados 3.262&nbsp;queimadas, um n\u00famero 22 vezes maior que o registrado no mesmo per\u00edodo do ano [&hellip;]<\/p>\n","protected":false},"author":2,"featured_media":19909,"comment_status":"open","ping_status":"open","sticky":false,"template":"","format":"standard","meta":[],"categories":[12,10],"tags":[],"_links":{"self":[{"href":"https:\/\/dgospel.com.br\/portal\/index.php\/wp-json\/wp\/v2\/posts\/19908"}],"collection":[{"href":"https:\/\/dgospel.com.br\/portal\/index.php\/wp-json\/wp\/v2\/posts"}],"about":[{"href":"https:\/\/dgospel.com.br\/portal\/index.php\/wp-json\/wp\/v2\/types\/post"}],"author":[{"embeddable":true,"href":"https:\/\/dgospel.com.br\/portal\/index.php\/wp-json\/wp\/v2\/users\/2"}],"replies":[{"embeddable":true,"href":"https:\/\/dgospel.com.br\/portal\/index.php\/wp-json\/wp\/v2\/comments?post=19908"}],"version-history":[{"count":1,"href":"https:\/\/dgospel.com.br\/portal\/index.php\/wp-json\/wp\/v2\/posts\/19908\/revisions"}],"predecessor-version":[{"id":19910,"href":"https:\/\/dgospel.com.br\/portal\/index.php\/wp-json\/wp\/v2\/posts\/19908\/revisions\/19910"}],"wp:featuredmedia":[{"embeddable":true,"href":"https:\/\/dgospel.com.br\/portal\/index.php\/wp-json\/wp\/v2\/media\/19909"}],"wp:attachment":[{"href":"https:\/\/dgospel.com.br\/portal\/index.php\/wp-json\/wp\/v2\/media?parent=19908"}],"wp:term":[{"taxonomy":"category","embeddable":true,"href":"https:\/\/dgospel.com.br\/portal\/index.php\/wp-json\/wp\/v2\/categories?post=19908"},{"taxonomy":"post_tag","embeddable":true,"href":"https:\/\/dgospel.com.br\/portal\/index.php\/wp-json\/wp\/v2\/tags?post=19908"}],"curies":[{"name":"wp","href":"https:\/\/api.w.org\/{rel}","templated":true}]}}