{"id":19911,"date":"2024-07-01T21:39:40","date_gmt":"2024-07-02T00:39:40","guid":{"rendered":"https:\/\/dgospel.com.br\/portal\/?p=19911"},"modified":"2024-07-01T21:39:42","modified_gmt":"2024-07-02T00:39:42","slug":"jogador-roberto-firmino-e-esposa-sao-consagrados-como-pastores","status":"publish","type":"post","link":"https:\/\/dgospel.com.br\/portal\/index.php\/2024\/07\/01\/jogador-roberto-firmino-e-esposa-sao-consagrados-como-pastores\/","title":{"rendered":"Jogador Roberto Firmino e esposa s\u00e3o consagrados como pastores"},"content":{"rendered":"\n<p>Neste s\u00e1bado (29), o jogador Roberto Firmino e sua esposa, Larissa Firmino, foram consagrados como pastores na Manah Church, localizada em Macei\u00f3, Alagoas. O atacante de 32 anos compartilhou fotos no Instagram e descreveu a noite como \u201cmemor\u00e1vel e inesquec\u00edvel\u201d.<\/p>\n\n\n\n<p>\u2013 Que noite memor\u00e1vel e inesquec\u00edvel. Essa igreja NASCEU no cora\u00e7\u00e3o de Deus e somos extremamente gratos pelo privil\u00e9gio de testemunhar de perto tudo o que o Senhor tem feito \u2013 escreveu Firmino na legenda das fotos.<\/p>\n\n\n\n<p>E continuou:<\/p>\n\n\n\n<p>\u2013 Desde nosso encontro com Cristo um anseio queima em nossos cora\u00e7\u00f5es\u2026 que as pessoas conhe\u00e7am esse amor que nos alcan\u00e7ou. Agora temos outro anseio e responsabilidade\u2026 Ser pastores segundo o cora\u00e7\u00e3o de Deus e que cooperam com o Reino.<\/p>\n\n\n\n<p><strong>Confira:<\/strong><\/p>\n\n\n\n<blockquote class=\"wp-block-quote\"><p>&nbsp;Ver essa foto no Instagram<\/p><p>&nbsp;<\/p><p><a href=\"https:\/\/www.instagram.com\/p\/C8zZOHTuGKd\/?utm_source=ig_embed&amp;utm_campaign=loading\" target=\"_blank\" rel=\"noreferrer noopener\">Uma publica\u00e7\u00e3o compartilhada por R O B E R T O F I R M I N O (@roberto_firmino)<\/a><\/p><\/blockquote>\n","protected":false},"excerpt":{"rendered":"<p>Neste s\u00e1bado (29), o jogador Roberto Firmino e sua esposa, Larissa Firmino, foram consagrados como pastores na Manah Church, localizada em Macei\u00f3, Alagoas. O atacante de 32 anos compartilhou fotos no Instagram e descreveu a noite como \u201cmemor\u00e1vel e inesquec\u00edvel\u201d. \u2013 Que noite memor\u00e1vel e inesquec\u00edvel. Essa igreja NASCEU no cora\u00e7\u00e3o de Deus e somos [&hellip;]<\/p>\n","protected":false},"author":2,"featured_media":19912,"comment_status":"open","ping_status":"open","sticky":false,"template":"","format":"standard","meta":[],"categories":[5],"tags":[13],"_links":{"self":[{"href":"https:\/\/dgospel.com.br\/portal\/index.php\/wp-json\/wp\/v2\/posts\/19911"}],"collection":[{"href":"https:\/\/dgospel.com.br\/portal\/index.php\/wp-json\/wp\/v2\/posts"}],"about":[{"href":"https:\/\/dgospel.com.br\/portal\/index.php\/wp-json\/wp\/v2\/types\/post"}],"author":[{"embeddable":true,"href":"https:\/\/dgospel.com.br\/portal\/index.php\/wp-json\/wp\/v2\/users\/2"}],"replies":[{"embeddable":true,"href":"https:\/\/dgospel.com.br\/portal\/index.php\/wp-json\/wp\/v2\/comments?post=19911"}],"version-history":[{"count":1,"href":"https:\/\/dgospel.com.br\/portal\/index.php\/wp-json\/wp\/v2\/posts\/19911\/revisions"}],"predecessor-version":[{"id":19913,"href":"https:\/\/dgospel.com.br\/portal\/index.php\/wp-json\/wp\/v2\/posts\/19911\/revisions\/19913"}],"wp:featuredmedia":[{"embeddable":true,"href":"https:\/\/dgospel.com.br\/portal\/index.php\/wp-json\/wp\/v2\/media\/19912"}],"wp:attachment":[{"href":"https:\/\/dgospel.com.br\/portal\/index.php\/wp-json\/wp\/v2\/media?parent=19911"}],"wp:term":[{"taxonomy":"category","embeddable":true,"href":"https:\/\/dgospel.com.br\/portal\/index.php\/wp-json\/wp\/v2\/categories?post=19911"},{"taxonomy":"post_tag","embeddable":true,"href":"https:\/\/dgospel.com.br\/portal\/index.php\/wp-json\/wp\/v2\/tags?post=19911"}],"curies":[{"name":"wp","href":"https:\/\/api.w.org\/{rel}","templated":true}]}}