{"id":19924,"date":"2024-07-02T16:03:22","date_gmt":"2024-07-02T19:03:22","guid":{"rendered":"https:\/\/dgospel.com.br\/portal\/?p=19924"},"modified":"2024-07-03T17:10:24","modified_gmt":"2024-07-03T20:10:24","slug":"tarcisio-desmente-lula-sobre-ausencia-em-evento-de-assinatura","status":"publish","type":"post","link":"https:\/\/dgospel.com.br\/portal\/index.php\/2024\/07\/02\/tarcisio-desmente-lula-sobre-ausencia-em-evento-de-assinatura\/","title":{"rendered":"<strong>Tarc\u00edsio desmente Lula sobre aus\u00eancia em evento de assinatura<\/strong>"},"content":{"rendered":"\n<p>Ap\u00f3s faltar a um evento com o presidente Luiz In\u00e1cio Lula da Silva (PT) no \u00faltimo s\u00e1bado (29), o governador de S\u00e3o Paulo, Tarc\u00edsio de Freitas (Republicanos), respondeu, e desmente o petista de forma indireta na manh\u00e3 desta segunda-feira (1\u00ba).<\/p>\n\n\n\n<p>No s\u00e1bado, Lula disse que n\u00e3o assinaria a obra de expans\u00e3o da linha 5 do Metr\u00f4 de S\u00e3o Paulo, pois nem Tarc\u00edsio, nem Ricardo Nunes (MDB), prefeito da capital paulista, tinham comparecido ao evento. Nesta segunda, Tarc\u00edsio publicou que estava \u201calmo\u00e7ando com tranquilidade\u201d, pois o contrato da obra, na verdade, j\u00e1 estava assinado.<\/p>\n\n\n\n<p>\u2013 Almo\u00e7ando com a tranquilidade de quem sabe que o aditivo do contrato que vai levar a linha 5 do Metr\u00f4 at\u00e9 o Jardim \u00c2ngela j\u00e1 est\u00e1 assinado \u2013 escreveu Tarc\u00edsio de Freitas em seu perfil no X.<\/p>\n\n\n\n<figure class=\"wp-block-image\"><img src=\"https:\/\/static.cdn.pleno.news\/2024\/07\/Screenshot_1423.png\" alt=\"\" class=\"wp-image-1346360\"\/><\/figure>\n\n\n\n<p>Enquanto Tarc\u00edsio est\u00e1 na Inglaterra buscando investidores para a Sabesp privatizada, Nunes n\u00e3o quis ir ao evento, afirmando se tratar de um com\u00edcio para o pr\u00e9-candidato que desponta como seu principal advers\u00e1rio no pleito pela prefeitura da cidade, o deputado federal Guilherme Boulos (PSOL).<\/p>\n\n\n\n<p>Lula chegou a mencionar que n\u00e3o poderia mencionar o nome de Boulos no evento, ap\u00f3s ter sido condenado a pagar uma multa por propaganda eleitoral antecipada.<\/p>\n\n\n\n<p>\u2013 Eu n\u00e3o posso falar o nome do Boulos, porque j\u00e1 fui multado uma vez porque falei o nome dele, n\u00e3o posso falar \u2013 disse Lula no final do discurso.<\/p>\n\n\n\n<p>Boulos de fato teve bastante espa\u00e7o no evento, para criticar Ricardo Nunes, cujo nome n\u00e3o aparece na placa das obras, mesmo ele sendo o atual gestor da capital paulista.<\/p>\n\n\n\n<p>*Com informa\u00e7\u00f5es AE<\/p>\n","protected":false},"excerpt":{"rendered":"<p>Ap\u00f3s faltar a um evento com o presidente Luiz In\u00e1cio Lula da Silva (PT) no \u00faltimo s\u00e1bado (29), o governador de S\u00e3o Paulo, Tarc\u00edsio de Freitas (Republicanos), respondeu, e desmente o petista de forma indireta na manh\u00e3 desta segunda-feira (1\u00ba). No s\u00e1bado, Lula disse que n\u00e3o assinaria a obra de expans\u00e3o da linha 5 do [&hellip;]<\/p>\n","protected":false},"author":2,"featured_media":19925,"comment_status":"open","ping_status":"open","sticky":false,"template":"","format":"standard","meta":[],"categories":[12,4],"tags":[],"_links":{"self":[{"href":"https:\/\/dgospel.com.br\/portal\/index.php\/wp-json\/wp\/v2\/posts\/19924"}],"collection":[{"href":"https:\/\/dgospel.com.br\/portal\/index.php\/wp-json\/wp\/v2\/posts"}],"about":[{"href":"https:\/\/dgospel.com.br\/portal\/index.php\/wp-json\/wp\/v2\/types\/post"}],"author":[{"embeddable":true,"href":"https:\/\/dgospel.com.br\/portal\/index.php\/wp-json\/wp\/v2\/users\/2"}],"replies":[{"embeddable":true,"href":"https:\/\/dgospel.com.br\/portal\/index.php\/wp-json\/wp\/v2\/comments?post=19924"}],"version-history":[{"count":1,"href":"https:\/\/dgospel.com.br\/portal\/index.php\/wp-json\/wp\/v2\/posts\/19924\/revisions"}],"predecessor-version":[{"id":19926,"href":"https:\/\/dgospel.com.br\/portal\/index.php\/wp-json\/wp\/v2\/posts\/19924\/revisions\/19926"}],"wp:featuredmedia":[{"embeddable":true,"href":"https:\/\/dgospel.com.br\/portal\/index.php\/wp-json\/wp\/v2\/media\/19925"}],"wp:attachment":[{"href":"https:\/\/dgospel.com.br\/portal\/index.php\/wp-json\/wp\/v2\/media?parent=19924"}],"wp:term":[{"taxonomy":"category","embeddable":true,"href":"https:\/\/dgospel.com.br\/portal\/index.php\/wp-json\/wp\/v2\/categories?post=19924"},{"taxonomy":"post_tag","embeddable":true,"href":"https:\/\/dgospel.com.br\/portal\/index.php\/wp-json\/wp\/v2\/tags?post=19924"}],"curies":[{"name":"wp","href":"https:\/\/api.w.org\/{rel}","templated":true}]}}