{"id":19927,"date":"2024-07-02T16:12:57","date_gmt":"2024-07-02T19:12:57","guid":{"rendered":"https:\/\/dgospel.com.br\/portal\/?p=19927"},"modified":"2024-07-02T16:12:58","modified_gmt":"2024-07-02T19:12:58","slug":"lira-diz-que-projeto-sobre-aborto-sera-debatido-no-2o-semestre","status":"publish","type":"post","link":"https:\/\/dgospel.com.br\/portal\/index.php\/2024\/07\/02\/lira-diz-que-projeto-sobre-aborto-sera-debatido-no-2o-semestre\/","title":{"rendered":"Lira diz que projeto sobre aborto ser\u00e1 debatido no 2\u00ba semestre"},"content":{"rendered":"\n<p>O presidente da C\u00e2mara dos Deputados, Arthur Lira (PP-AL), anunciou, nesta segunda-feira (1\u00ba), que criar\u00e1 uma comiss\u00e3o representativa para discutir o projeto de lei que equipara o aborto ap\u00f3s a 22\u00aa semana a homic\u00eddio. A discuss\u00e3o sobre o tema ficar\u00e1 para o segundo semestre, ap\u00f3s o recesso parlamentar.<\/p>\n\n\n\n<p>O projeto, de autoria do deputado S\u00f3stenes Cavalcante (PL-RJ), aumenta a pena m\u00e1xima para quem realizar o procedimento de 10 para 20 anos. Segundo Lira, a medida n\u00e3o representa um retrocesso e que nada ir\u00e1 avan\u00e7ar que traga qualquer dano \u00e0s mulheres.<\/p>\n\n\n\n<p>Lira tamb\u00e9m explicou que \u201cn\u00e3o teria a C\u00e2mara votado [a urg\u00eancia] de forma simb\u00f3lica e un\u00e2nime se fosse para tratar de aborto\u201d. Ele reconhece que houve grande pol\u00eamica em torno do projeto de lei pela forma como foi conduzido e tamb\u00e9m pelas vers\u00f5es impressas.<\/p>\n\n\n\n<p>\u2013 Foi uma pauta mal conduzida com rela\u00e7\u00e3o \u00e0s vers\u00f5es que saem, principalmente as vers\u00f5es publicadas \u2013 afirmou o presidente da C\u00e2mara.<\/p>\n\n\n\n<p>A declara\u00e7\u00e3o de Lira foi dada durante entrevista a jornalistas ap\u00f3s a 1\u00aa Reuni\u00e3o de Mulheres Parlamentares do P20, grupo que re\u00fane os presidentes de parlamentos dos pa\u00edses do G20. O evento foi realizado em Macei\u00f3, Alagoas.<\/p>\n","protected":false},"excerpt":{"rendered":"<p>O presidente da C\u00e2mara dos Deputados, Arthur Lira (PP-AL), anunciou, nesta segunda-feira (1\u00ba), que criar\u00e1 uma comiss\u00e3o representativa para discutir o projeto de lei que equipara o aborto ap\u00f3s a 22\u00aa semana a homic\u00eddio. A discuss\u00e3o sobre o tema ficar\u00e1 para o segundo semestre, ap\u00f3s o recesso parlamentar. O projeto, de autoria do deputado S\u00f3stenes [&hellip;]<\/p>\n","protected":false},"author":2,"featured_media":19928,"comment_status":"open","ping_status":"closed","sticky":false,"template":"","format":"standard","meta":[],"categories":[8,12],"tags":[],"_links":{"self":[{"href":"https:\/\/dgospel.com.br\/portal\/index.php\/wp-json\/wp\/v2\/posts\/19927"}],"collection":[{"href":"https:\/\/dgospel.com.br\/portal\/index.php\/wp-json\/wp\/v2\/posts"}],"about":[{"href":"https:\/\/dgospel.com.br\/portal\/index.php\/wp-json\/wp\/v2\/types\/post"}],"author":[{"embeddable":true,"href":"https:\/\/dgospel.com.br\/portal\/index.php\/wp-json\/wp\/v2\/users\/2"}],"replies":[{"embeddable":true,"href":"https:\/\/dgospel.com.br\/portal\/index.php\/wp-json\/wp\/v2\/comments?post=19927"}],"version-history":[{"count":1,"href":"https:\/\/dgospel.com.br\/portal\/index.php\/wp-json\/wp\/v2\/posts\/19927\/revisions"}],"predecessor-version":[{"id":19929,"href":"https:\/\/dgospel.com.br\/portal\/index.php\/wp-json\/wp\/v2\/posts\/19927\/revisions\/19929"}],"wp:featuredmedia":[{"embeddable":true,"href":"https:\/\/dgospel.com.br\/portal\/index.php\/wp-json\/wp\/v2\/media\/19928"}],"wp:attachment":[{"href":"https:\/\/dgospel.com.br\/portal\/index.php\/wp-json\/wp\/v2\/media?parent=19927"}],"wp:term":[{"taxonomy":"category","embeddable":true,"href":"https:\/\/dgospel.com.br\/portal\/index.php\/wp-json\/wp\/v2\/categories?post=19927"},{"taxonomy":"post_tag","embeddable":true,"href":"https:\/\/dgospel.com.br\/portal\/index.php\/wp-json\/wp\/v2\/tags?post=19927"}],"curies":[{"name":"wp","href":"https:\/\/api.w.org\/{rel}","templated":true}]}}