{"id":19930,"date":"2024-07-02T17:45:54","date_gmt":"2024-07-02T20:45:54","guid":{"rendered":"https:\/\/dgospel.com.br\/portal\/?p=19930"},"modified":"2024-07-02T17:45:55","modified_gmt":"2024-07-02T20:45:55","slug":"politico-esculpe-pedras-para-construir-o-3o-templo-estamos-em-uma-geracao-especial","status":"publish","type":"post","link":"https:\/\/dgospel.com.br\/portal\/index.php\/2024\/07\/02\/politico-esculpe-pedras-para-construir-o-3o-templo-estamos-em-uma-geracao-especial\/","title":{"rendered":"Pol\u00edtico esculpe pedras para construir o 3\u00ba Templo: \u2018Estamos em uma gera\u00e7\u00e3o especial\u2019"},"content":{"rendered":"\n<p>Um v\u00eddeo nas redes sociais mostra o ex-membro do Knesset [Parlamento de Israel], Moshe Feiglin, esculpindo pedras para o&nbsp;<strong><a href=\"https:\/\/guiame.com.br\/gospel\/israel\/novilha-vermelha-e-3-templo-sao-apontados-por-especialistas-como-sinais-do-fim.html\">Terceiro Templo<\/a><\/strong>&nbsp;pr\u00f3ximo \u00e0 cidade de Eli.<\/p>\n\n\n\n<p>&#8220;Esta foi uma experi\u00eancia muito comovente para mim&#8221;, disse Feiglin ao Israel365 News.<\/p>\n\n\n\n<p>Destas pedras ser\u00e1 constru\u00eddo o Mikdash, que se refere ao Templo de Jerusal\u00e9m.<\/p>\n\n\n\n<p>Antes de pegar um martelo e um cinzel para esculpir uma grande pedra, Feiglin recitou uma ora\u00e7\u00e3o especial.<\/p>\n\n\n\n<p>A ora\u00e7\u00e3o pedia que, \u201cassim como esculpimos as pedras para servir a Deus, Ele nos forme para servi-Lo.\u201d Al\u00e9m disso, que, \u201cassim como as pedras ser\u00e3o firmes no servi\u00e7o a Deus, n\u00f3s tamb\u00e9m sejamos firmes em nossa unidade e amor ao pr\u00f3ximo\u201d.<\/p>\n\n\n\n<p>\u201cEstamos em uma gera\u00e7\u00e3o muito especial\u201d, acrescentou ele no final.<\/p>\n\n\n\n<p><strong>\u2018N\u00e3o \u00e9 em v\u00e3o\u2019<\/strong><\/p>\n\n\n\n<p>Ele se referiu a uma can\u00e7\u00e3o popular da compositora israelense Naomi Shemer:<\/p>\n\n\n\n<p>&#8220;Se na montanha voc\u00ea talhou pedra para erguer uma nova estrutura<\/p>\n\n\n\n<p>N\u00e3o em v\u00e3o, meu irm\u00e3o, voc\u00ea talhou para uma nova estrutura<\/p>\n\n\n\n<p>Dessas pedras ser\u00e1 constru\u00eddo o Mikdash.<\/p>\n\n\n\n<p>O Mikdash ser\u00e1 constru\u00eddo, ser\u00e1 constru\u00eddo, ser\u00e1 constru\u00eddo.<\/p>\n\n\n\n<p>Se na montanha voc\u00ea plantou cedros, cedros no lugar de cardos<\/p>\n\n\n\n<p>N\u00e3o em v\u00e3o, meu irm\u00e3o, voc\u00ea plantou no lugar de cardos<\/p>\n\n\n\n<p>Desses cedros ser\u00e1 constru\u00eddo o Monte.&#8221;<\/p>\n\n\n\n<p><strong>Monte do Templo<\/strong><\/p>\n\n\n\n<p>\u201cAs ora\u00e7\u00f5es mais profundas da na\u00e7\u00e3o de Israel est\u00e3o se tornando realidade hoje\u201d, disse Feiglin.&nbsp;<\/p>\n\n\n\n<p>Ao contr\u00e1rio de muitos pol\u00edticos, Moshe Feiglin \u00e9 um homem de ideais inabal\u00e1veis. Em 2009, ele afirmou ao Jerusalem Post que, se fosse eleito primeiro-ministro, reconstruiria o Templo destru\u00eddo em Jerusal\u00e9m.<\/p>\n\n\n\n<p>\u201cN\u00e3o sei se terei o m\u00e9rito de fazer algo que \u00e9 a aspira\u00e7\u00e3o de todo judeu\u201d, disse Feiglin. \u201cMas se eu me tornar primeiro-ministro, tirarei o controle sobre o&nbsp;<strong><a href=\"https:\/\/guiame.com.br\/gospel\/israel\/arqueologos-encontram-evidencias-dos-primeiros-cristaos-no-monte-do-templo.html\">Monte do Templo<\/a><\/strong>&nbsp;do Wakf [o trust isl\u00e2mico] e restabelecerei a soberania judaica sobre todo o monte e, esperan\u00e7osamente, reconstruirei o Templo.\u201d<\/p>\n\n\n\n<p>Feiglin disse que reconstruir o Templo e tudo o que ele simbolizava \u00e9 a ess\u00eancia de um Estado Judeu.<\/p>\n\n\n\n<p>Moshe Feiglin \u00e9 o l\u00edder do partido Zehut, com \u00eanfase na identidade judaica e nos valores sionistas. Anteriormente, liderou o Manhigut Yehudit dentro do partido Likud. Ele representou o Likud no Knesset de 2013 a 2015.<\/p>\n\n\n\n<p>Feiglin retornou ao Likud em 2021, mas deixou o partido novamente em 2023 ap\u00f3s o an\u00fancio do Ministro da Defesa, Yoav Gallant, de que as For\u00e7as de Defesa de Israel (IDF) devolveriam os palestinos a&nbsp;<strong><a href=\"https:\/\/guiame.com.br\/gospel\/israel\/irmao-de-refem-em-gaza-relata-angustia-estamos-vivendo-um-pesadelo.html\">Gaza<\/a><\/strong>&nbsp;ap\u00f3s a guerra.<\/p>\n","protected":false},"excerpt":{"rendered":"<p>Um v\u00eddeo nas redes sociais mostra o ex-membro do Knesset [Parlamento de Israel], Moshe Feiglin, esculpindo pedras para o&nbsp;Terceiro Templo&nbsp;pr\u00f3ximo \u00e0 cidade de Eli. &#8220;Esta foi uma experi\u00eancia muito comovente para mim&#8221;, disse Feiglin ao Israel365 News. Destas pedras ser\u00e1 constru\u00eddo o Mikdash, que se refere ao Templo de Jerusal\u00e9m. Antes de pegar um martelo [&hellip;]<\/p>\n","protected":false},"author":2,"featured_media":19931,"comment_status":"open","ping_status":"open","sticky":false,"template":"","format":"standard","meta":[],"categories":[12,16],"tags":[],"_links":{"self":[{"href":"https:\/\/dgospel.com.br\/portal\/index.php\/wp-json\/wp\/v2\/posts\/19930"}],"collection":[{"href":"https:\/\/dgospel.com.br\/portal\/index.php\/wp-json\/wp\/v2\/posts"}],"about":[{"href":"https:\/\/dgospel.com.br\/portal\/index.php\/wp-json\/wp\/v2\/types\/post"}],"author":[{"embeddable":true,"href":"https:\/\/dgospel.com.br\/portal\/index.php\/wp-json\/wp\/v2\/users\/2"}],"replies":[{"embeddable":true,"href":"https:\/\/dgospel.com.br\/portal\/index.php\/wp-json\/wp\/v2\/comments?post=19930"}],"version-history":[{"count":1,"href":"https:\/\/dgospel.com.br\/portal\/index.php\/wp-json\/wp\/v2\/posts\/19930\/revisions"}],"predecessor-version":[{"id":19932,"href":"https:\/\/dgospel.com.br\/portal\/index.php\/wp-json\/wp\/v2\/posts\/19930\/revisions\/19932"}],"wp:featuredmedia":[{"embeddable":true,"href":"https:\/\/dgospel.com.br\/portal\/index.php\/wp-json\/wp\/v2\/media\/19931"}],"wp:attachment":[{"href":"https:\/\/dgospel.com.br\/portal\/index.php\/wp-json\/wp\/v2\/media?parent=19930"}],"wp:term":[{"taxonomy":"category","embeddable":true,"href":"https:\/\/dgospel.com.br\/portal\/index.php\/wp-json\/wp\/v2\/categories?post=19930"},{"taxonomy":"post_tag","embeddable":true,"href":"https:\/\/dgospel.com.br\/portal\/index.php\/wp-json\/wp\/v2\/tags?post=19930"}],"curies":[{"name":"wp","href":"https:\/\/api.w.org\/{rel}","templated":true}]}}