{"id":19933,"date":"2024-07-02T17:47:56","date_gmt":"2024-07-02T20:47:56","guid":{"rendered":"https:\/\/dgospel.com.br\/portal\/?p=19933"},"modified":"2024-07-02T17:47:58","modified_gmt":"2024-07-02T20:47:58","slug":"indigenas-recebem-o-espirito-santo-e-sao-curados-no-para-jesus-estava-presente","status":"publish","type":"post","link":"https:\/\/dgospel.com.br\/portal\/index.php\/2024\/07\/02\/indigenas-recebem-o-espirito-santo-e-sao-curados-no-para-jesus-estava-presente\/","title":{"rendered":"Ind\u00edgenas recebem o Esp\u00edrito Santo e s\u00e3o curados no Par\u00e1: \u201cJesus estava presente\u201d"},"content":{"rendered":"\n<p>No \u00faltimo domingo (30), o pastor Gabriel Cantarino compartilhou um v\u00eddeo onde&nbsp;<a href=\"https:\/\/www.guiame.com.br\/busca?termo=ind%C3%ADgenas\"><strong>ind\u00edgenas&nbsp;<\/strong><\/a>da regi\u00e3o do Par\u00e1 receberam o Esp\u00edrito Santo e foram curados.<\/p>\n\n\n\n<p>O pastor da Igreja One, ministrou o Evangelho para o povo Cayap\u00f3, em Reden\u00e7\u00e3o (PA) e testemunhou em seu perfil no Instagram a manifesta\u00e7\u00e3o da presen\u00e7a de Deus na aldeia.<\/p>\n\n\n\n<p>\u201cHoje eu tive o privil\u00e9gio e a honra de pregar para essa aldeia ind\u00edgena. Foi um momento muito simples de exposi\u00e7\u00e3o do Evangelho pregando sobre o desejo de Deus de fazer seu Esp\u00edrito habitar em n\u00f3s\u201d, contou Gabriel.&nbsp;<\/p>\n\n\n\n<p>Na ocasi\u00e3o, o pastor encorajou os ind\u00edgenas a refletirem sobre como suas vidas seriam se permitissem&nbsp;<a href=\"https:\/\/www.guiame.com.br\/gospel\/missoes-acao-social\/homem-deixa-carreira-na-nasa-e-segue-chamado-missionario-na-amazonia.html\"><strong>receber o Esp\u00edrito Santo<\/strong><\/a>:<\/p>\n\n\n\n<p>\u201cO que seria diferente nessa aldeia se Deus decidisse morar entre voc\u00eas?\u201d \u2014 perguntei para eles. A resposta foi que todos decidiram orar pedindo pela habita\u00e7\u00e3o do Esp\u00edrito Santo neles\u201d.<\/p>\n\n\n\n<p>No v\u00eddeo, \u00e9 poss\u00edvel ver os ind\u00edgenas clamando: \u201cPai, em nome de Jesus, nos d\u00ea o Esp\u00edrito Santo. Oramos para que o Senhor nos liberte, nos cure e fa\u00e7a de n\u00f3s a sua casa para sempre. Perdoa os nossos pecados, nos batiza com fogo e poder de Deus. Am\u00e9m\u201d.<\/p>\n\n\n\n<p><a href=\"https:\/\/www.instagram.com\/reel\/C82ZDhsuWiX\/?utm_source=ig_embed&amp;ig_rid=77ff08a4-e4fe-4fb9-b401-9bae5c19572b\">https:\/\/www.instagram.com\/reel\/C82ZDhsuWiX\/?utm_source=ig_embed&amp;ig_rid=77ff08a4-e4fe-4fb9-b401-9bae5c19572b<\/a><\/p>\n\n\n\n<p>Logo depois, Gabriel aproveitou a oportunidade para orar pelos enfermos: \u201cChamei todos os enfermos e um a um eles foram sendo todos curados pelo poder de Jesus\u201d.&nbsp;<\/p>\n\n\n\n<p>Durante a ora\u00e7\u00e3o, ind\u00edgenas foram curados de dores e um homem que tinha a perna maior que a outra foi restaurado instantaneamente.&nbsp;<\/p>\n\n\n\n<p>\u201cA gra\u00e7a de Jesus estava presente de uma maneira muito leve e singular, fazendo com que tudo flu\u00edsse com naturalidade e beleza. A gl\u00f3ria continua sendo de Jesus\u201d, declarou o pastor.<\/p>\n\n\n\n<p>Ap\u00f3s as manifesta\u00e7\u00f5es de cura, ele orou pedindo a Deus que derramasse o dom de cura sobre a vida das crian\u00e7as.<\/p>\n\n\n\n<p><strong>Evangelizando os ind\u00edgenas<\/strong><\/p>\n\n\n\n<p>Gabriel contou que em 2016, foi adotado por uma fam\u00edlia ind\u00edgena, os Krikatis, os Gavi\u00f5es do Maranh\u00e3o, l\u00edngua pertencente ao tronco macro-j\u00ea.&nbsp;<\/p>\n\n\n\n<p>Desde ent\u00e3o, \u00e9 assim que ele se apresenta para aldeias ind\u00edgenas, para que eles se sintam como um povo.<\/p>\n\n\n\n<p>\u201cEsse nome, R\u00f5nthe\u2019hu, pertenceu a um antigo&nbsp;<a href=\"https:\/\/www.guiame.com.br\/gospel\/missoes-acao-social\/caciques-de-aldeias-indigenas-aceitam-jesus-perdi-muito-tempo-sem-o-evangelho.html\"><strong>cacique&nbsp;<\/strong><\/a>da aldeia e foi a sua esposa que me deu. Quando eu recebi esse nome o Esp\u00edrito me disse naquele dia: \u2018Hoje eu te dou autoridade para entrar e sair no meio deles\u2019\u201d.<\/p>\n\n\n\n<p>A a\u00e7\u00e3o evangel\u00edstica chamada \u201cTeshuv\u00e1\u201d \u2014 o despertar para os Povos Ind\u00edgenas \u2014 ocorreu no \u00faltimo final de semana em parceria com o Centro de Avivamento Ministerial e a Miss\u00e3o Fam\u00edlia Castro, uma fam\u00edlia mission\u00e1ria ind\u00edgena.<\/p>\n\n\n\n<p>\u201cObrigado pelo privil\u00e9gio de poder cooperar com a miss\u00e3o de Jesus que o Esp\u00edrito tem realizado atrav\u00e9s de voc\u00eas. Oro para que o Senhor vos capacite na prega\u00e7\u00e3o do Evangelho verdadeiro com poder e que o fruto disso sejam Igrejas plantadas no meio dos povos ind\u00edgenas\u201d, conclui o pastor.<\/p>\n","protected":false},"excerpt":{"rendered":"<p>No \u00faltimo domingo (30), o pastor Gabriel Cantarino compartilhou um v\u00eddeo onde&nbsp;ind\u00edgenas&nbsp;da regi\u00e3o do Par\u00e1 receberam o Esp\u00edrito Santo e foram curados. O pastor da Igreja One, ministrou o Evangelho para o povo Cayap\u00f3, em Reden\u00e7\u00e3o (PA) e testemunhou em seu perfil no Instagram a manifesta\u00e7\u00e3o da presen\u00e7a de Deus na aldeia. \u201cHoje eu tive [&hellip;]<\/p>\n","protected":false},"author":2,"featured_media":19934,"comment_status":"open","ping_status":"open","sticky":false,"template":"","format":"standard","meta":[],"categories":[5],"tags":[],"_links":{"self":[{"href":"https:\/\/dgospel.com.br\/portal\/index.php\/wp-json\/wp\/v2\/posts\/19933"}],"collection":[{"href":"https:\/\/dgospel.com.br\/portal\/index.php\/wp-json\/wp\/v2\/posts"}],"about":[{"href":"https:\/\/dgospel.com.br\/portal\/index.php\/wp-json\/wp\/v2\/types\/post"}],"author":[{"embeddable":true,"href":"https:\/\/dgospel.com.br\/portal\/index.php\/wp-json\/wp\/v2\/users\/2"}],"replies":[{"embeddable":true,"href":"https:\/\/dgospel.com.br\/portal\/index.php\/wp-json\/wp\/v2\/comments?post=19933"}],"version-history":[{"count":1,"href":"https:\/\/dgospel.com.br\/portal\/index.php\/wp-json\/wp\/v2\/posts\/19933\/revisions"}],"predecessor-version":[{"id":19935,"href":"https:\/\/dgospel.com.br\/portal\/index.php\/wp-json\/wp\/v2\/posts\/19933\/revisions\/19935"}],"wp:featuredmedia":[{"embeddable":true,"href":"https:\/\/dgospel.com.br\/portal\/index.php\/wp-json\/wp\/v2\/media\/19934"}],"wp:attachment":[{"href":"https:\/\/dgospel.com.br\/portal\/index.php\/wp-json\/wp\/v2\/media?parent=19933"}],"wp:term":[{"taxonomy":"category","embeddable":true,"href":"https:\/\/dgospel.com.br\/portal\/index.php\/wp-json\/wp\/v2\/categories?post=19933"},{"taxonomy":"post_tag","embeddable":true,"href":"https:\/\/dgospel.com.br\/portal\/index.php\/wp-json\/wp\/v2\/tags?post=19933"}],"curies":[{"name":"wp","href":"https:\/\/api.w.org\/{rel}","templated":true}]}}