{"id":19939,"date":"2024-07-02T18:41:10","date_gmt":"2024-07-02T21:41:10","guid":{"rendered":"https:\/\/dgospel.com.br\/portal\/?p=19939"},"modified":"2024-07-02T18:41:12","modified_gmt":"2024-07-02T21:41:12","slug":"detran-to-e-parceiros-realizam-blitz-educativa-para-orientar-condutores-sobre-os-cuidados-no-transito-no-mes-de-julho","status":"publish","type":"post","link":"https:\/\/dgospel.com.br\/portal\/index.php\/2024\/07\/02\/detran-to-e-parceiros-realizam-blitz-educativa-para-orientar-condutores-sobre-os-cuidados-no-transito-no-mes-de-julho\/","title":{"rendered":"Detran\/TO e parceiros realizam blitz educativa para orientar condutores sobre os cuidados no tr\u00e2nsito no m\u00eas de julho"},"content":{"rendered":"\n<p>O Governo do Tocantins, por meio do Departamento Estadual de Tr\u00e2nsito do Tocantins (Detran\/TO), da Pol\u00edcia Militar do Tocantins (PMTO) e da Ag\u00eancia de Transportes, Obras e Infraestrutura (Ageto), realizou nesta ter\u00e7a-feira, 2, uma blitz educativa na rodovia TO-010, na sa\u00edda para Lajeado, com o objetivo de sensibilizar os condutores acerca dos altos \u00edndices de sinistros de tr\u00e2nsito e incentivar uma postura mais cuidadosa e respons\u00e1vel nas vias durante o m\u00eas de julho no estado.<br><br>A gerente de Educa\u00e7\u00e3o para o Tr\u00e2nsito do Detran\/TO, H\u00e9lida Cristina, ressaltou que a a\u00e7\u00e3o de conscientiza\u00e7\u00e3o busca garantir a seguran\u00e7a vi\u00e1ria no m\u00eas de julho, um per\u00edodo marcado pelo aumento consider\u00e1vel de ve\u00edculos nas vias e nas rodovias em decorr\u00eancia das f\u00e9rias e da temporada de praias que ocorre em todo o estado.<br><br>\u201cCom este trabalho, queremos estimular um comportamento mais respons\u00e1vel por parte dos nossos condutores, a fim de evitar a ocorr\u00eancia de les\u00f5es e mortes no tr\u00e2nsito, principalmente nesta \u00e9poca do ano, em que muitos tocantinenses tendem a viajar para as praias, aproveitando, muitas vezes, as f\u00e9rias escolares e do trabalho para momento de lazer. Nesse sentido, trabalharemos incansavelmente para que todos possam desfrutar deste momento de forma tranquila\u201d, enfatizou a gerente.<br><br>Durante a abordagem, as equipes de Educa\u00e7\u00e3o para o Tr\u00e2nsito do Detran\/TO, da PM e da Ageto evidenciaram a import\u00e2ncia de uma dire\u00e7\u00e3o veicular respons\u00e1vel e refor\u00e7aram os cuidados b\u00e1sicos que devem ter na condu\u00e7\u00e3o de um ve\u00edculo, mas que salvam vidas, como: o uso do cinto de seguran\u00e7a; o respeito aos limites de velocidade; a dist\u00e2ncia que deve ser mantida entre os ve\u00edculos; os requisitos para realizar ultrapassagem; a import\u00e2ncia da revis\u00e3o das condi\u00e7\u00f5es veiculares; a checagem da validade dos documentos; a proibi\u00e7\u00e3o da condu\u00e7\u00e3o de um ve\u00edculo ao ingerir bebida alco\u00f3lica, entre outros.<\/p>\n\n\n\n<p><img src=\"https:\/\/central.to.gov.br\/image\/383593?w=670&amp;h=383\"><\/p>\n\n\n\n<p>Durante a abordagem, equipes evidenciaram a import\u00e2ncia de uma dire\u00e7\u00e3o veicular respons\u00e1vel e refor\u00e7aram os cuidados b\u00e1sicos que devem ter na condu\u00e7\u00e3o de um ve\u00edculo, mas que salvam vidas &#8211; F\u00e9lix Carneiro\/Governo do Tocantins&nbsp;<a href=\"https:\/\/central.to.gov.br\/image\/383593?f=1\" target=\"_blank\" rel=\"noreferrer noopener\"><em>file_download<\/em><\/a><\/p>\n\n\n\n<p><img src=\"https:\/\/central.to.gov.br\/image\/383592?w=670&amp;h=383\"><\/p>\n\n\n\n<p>Equipes da educa\u00e7\u00e3o para o tr\u00e2nsito do Detran\/TO, Ageto e do BPMRed buscaram tamb\u00e9m incentivar uma postura mais cuidadosa e respons\u00e1vel nas vias, promovendo a seguran\u00e7a vi\u00e1ria &#8211; F\u00e9lix Carneiro\/Governo do Tocantins&nbsp;<a href=\"https:\/\/central.to.gov.br\/image\/383592?f=1\" target=\"_blank\" rel=\"noreferrer noopener\"><em>file_download<\/em><\/a><\/p>\n\n\n\n<p><img src=\"https:\/\/central.to.gov.br\/image\/383594?w=670&amp;h=383\"><\/p>\n\n\n\n<p>A\u00e7\u00e3o de conscientiza\u00e7\u00e3o tem o objetivo de orientar os condutores quanto a uma condu\u00e7\u00e3o veicular mais segura neste m\u00eas de julho, quando o n\u00famero de ve\u00edculos nas rodovias cresce e, com ele, a incid\u00eancia de sinistros de tr\u00e2nsito &#8211; F\u00e9lix Carneiro\/Governo do Tocantins&nbsp;<a href=\"https:\/\/central.to.gov.br\/image\/383594?f=1\" target=\"_blank\" rel=\"noreferrer noopener\"><em>file_download<\/em><\/a><\/p>\n","protected":false},"excerpt":{"rendered":"<p>O Governo do Tocantins, por meio do Departamento Estadual de Tr\u00e2nsito do Tocantins (Detran\/TO), da Pol\u00edcia Militar do Tocantins (PMTO) e da Ag\u00eancia de Transportes, Obras e Infraestrutura (Ageto), realizou nesta ter\u00e7a-feira, 2, uma blitz educativa na rodovia TO-010, na sa\u00edda para Lajeado, com o objetivo de sensibilizar os condutores acerca dos altos \u00edndices de [&hellip;]<\/p>\n","protected":false},"author":2,"featured_media":19940,"comment_status":"open","ping_status":"open","sticky":false,"template":"","format":"standard","meta":[],"categories":[3],"tags":[13],"_links":{"self":[{"href":"https:\/\/dgospel.com.br\/portal\/index.php\/wp-json\/wp\/v2\/posts\/19939"}],"collection":[{"href":"https:\/\/dgospel.com.br\/portal\/index.php\/wp-json\/wp\/v2\/posts"}],"about":[{"href":"https:\/\/dgospel.com.br\/portal\/index.php\/wp-json\/wp\/v2\/types\/post"}],"author":[{"embeddable":true,"href":"https:\/\/dgospel.com.br\/portal\/index.php\/wp-json\/wp\/v2\/users\/2"}],"replies":[{"embeddable":true,"href":"https:\/\/dgospel.com.br\/portal\/index.php\/wp-json\/wp\/v2\/comments?post=19939"}],"version-history":[{"count":1,"href":"https:\/\/dgospel.com.br\/portal\/index.php\/wp-json\/wp\/v2\/posts\/19939\/revisions"}],"predecessor-version":[{"id":19941,"href":"https:\/\/dgospel.com.br\/portal\/index.php\/wp-json\/wp\/v2\/posts\/19939\/revisions\/19941"}],"wp:featuredmedia":[{"embeddable":true,"href":"https:\/\/dgospel.com.br\/portal\/index.php\/wp-json\/wp\/v2\/media\/19940"}],"wp:attachment":[{"href":"https:\/\/dgospel.com.br\/portal\/index.php\/wp-json\/wp\/v2\/media?parent=19939"}],"wp:term":[{"taxonomy":"category","embeddable":true,"href":"https:\/\/dgospel.com.br\/portal\/index.php\/wp-json\/wp\/v2\/categories?post=19939"},{"taxonomy":"post_tag","embeddable":true,"href":"https:\/\/dgospel.com.br\/portal\/index.php\/wp-json\/wp\/v2\/tags?post=19939"}],"curies":[{"name":"wp","href":"https:\/\/api.w.org\/{rel}","templated":true}]}}