{"id":19945,"date":"2024-07-03T15:02:41","date_gmt":"2024-07-03T18:02:41","guid":{"rendered":"https:\/\/dgospel.com.br\/portal\/?p=19945"},"modified":"2024-07-03T15:02:43","modified_gmt":"2024-07-03T18:02:43","slug":"temendo-ser-hostilizado-lula-cancela-viagem-a-tres-estados","status":"publish","type":"post","link":"https:\/\/dgospel.com.br\/portal\/index.php\/2024\/07\/03\/temendo-ser-hostilizado-lula-cancela-viagem-a-tres-estados\/","title":{"rendered":"Temendo ser hostilizado, Lula cancela viagem a tr\u00eas estados"},"content":{"rendered":"\n<p>Lula (PT) desistiu de visitar tr\u00eas estados em que foi derrotado pelo ex-presidente Jair Bolsonaro (PL) nas elei\u00e7\u00f5es de 2022: Mato Grosso, Goi\u00e1s e Santa Catarina. A decis\u00e3o ocorre em meio a uma s\u00e9rie de viagens pelo pa\u00eds.<\/p>\n\n\n\n<p>O petista tinha a inten\u00e7\u00e3o de lan\u00e7ar o Plano Safra na cidade de Rondon\u00f3polis (MT), mas o evento acabou transferido de local e acontecer\u00e1 no Pal\u00e1cio do Planalto, em Bras\u00edlia (DF), nesta quarta-feira (3).<\/p>\n\n\n\n<p>Fora isso, a viagem que Lula tinha para Goi\u00e2nia (GO) dever\u00e1 ser substitu\u00edda por uma viagem a Campinas (SP), segundo informou a Secretaria de Comunica\u00e7\u00e3o Social (Secom) do governo federal.<\/p>\n\n\n\n<p>Uma viagem para Santa Catarina, prevista para o pr\u00f3ximo s\u00e1bado (6), tamb\u00e9m n\u00e3o estaria na previs\u00e3o de agenda do presidente, conforme indicou a Secom. Auxiliares dele apontaram, de forma reservada, que idas a locais em que o apoio a Bolsonaro \u00e9 forte foram canceladas pelo risco de haver algum tipo de hostilidade ao petista. As informa\u00e7\u00f5es s\u00e3o do G1.<\/p>\n","protected":false},"excerpt":{"rendered":"<p>Lula (PT) desistiu de visitar tr\u00eas estados em que foi derrotado pelo ex-presidente Jair Bolsonaro (PL) nas elei\u00e7\u00f5es de 2022: Mato Grosso, Goi\u00e1s e Santa Catarina. A decis\u00e3o ocorre em meio a uma s\u00e9rie de viagens pelo pa\u00eds. O petista tinha a inten\u00e7\u00e3o de lan\u00e7ar o Plano Safra na cidade de Rondon\u00f3polis (MT), mas o [&hellip;]<\/p>\n","protected":false},"author":2,"featured_media":19946,"comment_status":"open","ping_status":"open","sticky":false,"template":"","format":"standard","meta":[],"categories":[10],"tags":[],"_links":{"self":[{"href":"https:\/\/dgospel.com.br\/portal\/index.php\/wp-json\/wp\/v2\/posts\/19945"}],"collection":[{"href":"https:\/\/dgospel.com.br\/portal\/index.php\/wp-json\/wp\/v2\/posts"}],"about":[{"href":"https:\/\/dgospel.com.br\/portal\/index.php\/wp-json\/wp\/v2\/types\/post"}],"author":[{"embeddable":true,"href":"https:\/\/dgospel.com.br\/portal\/index.php\/wp-json\/wp\/v2\/users\/2"}],"replies":[{"embeddable":true,"href":"https:\/\/dgospel.com.br\/portal\/index.php\/wp-json\/wp\/v2\/comments?post=19945"}],"version-history":[{"count":1,"href":"https:\/\/dgospel.com.br\/portal\/index.php\/wp-json\/wp\/v2\/posts\/19945\/revisions"}],"predecessor-version":[{"id":19947,"href":"https:\/\/dgospel.com.br\/portal\/index.php\/wp-json\/wp\/v2\/posts\/19945\/revisions\/19947"}],"wp:featuredmedia":[{"embeddable":true,"href":"https:\/\/dgospel.com.br\/portal\/index.php\/wp-json\/wp\/v2\/media\/19946"}],"wp:attachment":[{"href":"https:\/\/dgospel.com.br\/portal\/index.php\/wp-json\/wp\/v2\/media?parent=19945"}],"wp:term":[{"taxonomy":"category","embeddable":true,"href":"https:\/\/dgospel.com.br\/portal\/index.php\/wp-json\/wp\/v2\/categories?post=19945"},{"taxonomy":"post_tag","embeddable":true,"href":"https:\/\/dgospel.com.br\/portal\/index.php\/wp-json\/wp\/v2\/tags?post=19945"}],"curies":[{"name":"wp","href":"https:\/\/api.w.org\/{rel}","templated":true}]}}