{"id":19954,"date":"2024-07-03T15:19:51","date_gmt":"2024-07-03T18:19:51","guid":{"rendered":"https:\/\/dgospel.com.br\/portal\/?p=19954"},"modified":"2024-07-03T15:19:52","modified_gmt":"2024-07-03T18:19:52","slug":"confira-18-falas-desastrosa-de-lula-nos-primeiros-18-meses-de-gestao","status":"publish","type":"post","link":"https:\/\/dgospel.com.br\/portal\/index.php\/2024\/07\/03\/confira-18-falas-desastrosa-de-lula-nos-primeiros-18-meses-de-gestao\/","title":{"rendered":"Confira 18 falas desastrosa de Lula nos primeiros 18 meses de gest\u00e3o"},"content":{"rendered":"\n<p>O terceiro governo do presidente Luiz In\u00e1cio Lula da Silva (PT) chegou, no \u00faltimo domingo (30), ao fim de seu 18\u00b0 m\u00eas. No entanto, ao longo do \u00faltimo um ano e meio, n\u00e3o foram poucas as vezes em que o chefe do Executivo proferiu falas pol\u00eamicas ou controversas.<\/p>\n\n\n\n<p>Na lista de \u201cp\u00e9rolas\u201d est\u00e3o falas que chegaram a ser consideradas racistas, capacitistas e boa parte delas tamb\u00e9m esteve relacionada a quest\u00f5es internacionais, como as guerras entre Hamas e Israel, Ucr\u00e2nia e R\u00fassia, e a pol\u00eamica situa\u00e7\u00e3o da Venezuela.<\/p>\n\n\n\n<p>Por isso, o&nbsp;<strong>Pleno.News&nbsp;<\/strong>reuniu algumas delas e relembra para voc\u00ea. Confira:<\/p>\n\n\n\n<p><strong>1. \u201cTemos quase 30 milh\u00f5es de pessoas com problema de desequil\u00edbrio de parafuso\u201d.<\/strong><\/p>\n\n\n\n<p>Frase dita no dia&nbsp;<a href=\"https:\/\/pleno.news\/brasil\/politica-nacional\/lula-chama-deficiencia-intelectual-de-desequilibrio-de-parafuso.html\" target=\"_blank\" rel=\"noreferrer noopener\">18 de fevereiro de 2023<\/a>&nbsp;durante uma reuni\u00e3o em Bras\u00edlia com ministros e governadores, para tratar de a\u00e7\u00f5es para prevenir a viol\u00eancia nas escolas.<\/p>\n\n\n\n<p><strong>2. \u201cA decis\u00e3o da guerra foi tomada pelos dois pa\u00edses\u201d.<\/strong><\/p>\n\n\n\n<p>Fala proferida no dia&nbsp;<a href=\"https:\/\/pleno.news\/brasil\/lula-volta-a-dizer-que-ucrania-tambem-e-responsavel-por-guerra.html\" target=\"_blank\" rel=\"noreferrer noopener\">16 de abril de 2023<\/a>, em entrevista coletiva antes de deixar Abu Dhabi, nos Emirados \u00c1rabes, no fim de sua viagem \u00e0 \u00c1sia. O petista dizia que a guerra entre Ucr\u00e2nia e R\u00fassia tinha sido iniciada por decis\u00e3o dos dois, apesar de ter sido a R\u00fassia o pa\u00eds invasor.<\/p>\n\n\n\n<p><strong>3. \u201cA Venezuela tem mais elei\u00e7\u00f5es do que o Brasil. O conceito de democracia \u00e9 relativo\u201d.<\/strong><\/p>\n\n\n\n<p>Fala do dia&nbsp;<a href=\"https:\/\/pleno.news\/brasil\/politica-nacional\/lula-sobre-venezuela-conceito-de-democracia-e-relativo.html\" target=\"_blank\" rel=\"noreferrer noopener\">29 de junho de 2023<\/a>&nbsp;durante entrevista \u00e0 R\u00e1dio Ga\u00facha.<\/p>\n\n\n\n<p><strong>4. \u201cTemos profunda gratid\u00e3o ao continente africano por tudo que foi produzido durante 350 anos de escravid\u00e3o no nosso pa\u00eds\u201d.<\/strong><\/p>\n\n\n\n<p>Fala proferida no dia&nbsp;<a href=\"https:\/\/pleno.news\/brasil\/lula-diz-ser-grato-a-africa-pelo-trabalho-dos-escravos-no-brasil.html\" target=\"_blank\" rel=\"noreferrer noopener\">19 de julho de 2023<\/a>&nbsp;durante declara\u00e7\u00e3o conjunta com o presidente de Cabo Verde, Jos\u00e9 Maria Neves, enquanto o petista esteve no arquip\u00e9lago africano.<\/p>\n\n\n\n<p><strong>5. \u201cN\u00e3o pense que eu sou frustrado porque eu sou pobre\u201d.<\/strong><\/p>\n\n\n\n<p>Fala do dia&nbsp;<a href=\"https:\/\/pleno.news\/brasil\/politica-nacional\/lula-diz-ser-pobre-mas-declarou-r-74-milhoes-ao-tse.html\" target=\"_blank\" rel=\"noreferrer noopener\">26 de agosto de 2023<\/a>&nbsp;durante visita a Angola. Bens do petista declarados ao TSE na \u00faltima elei\u00e7\u00e3o passavam dos R$ 7 milh\u00f5es.<\/p>\n\n\n\n<p><strong>6. \u201cSe eu pudesse dar um conselho, \u00e9 o seguinte: a sociedade n\u00e3o tem que saber como \u00e9 que vota um ministro da Suprema Corte\u201d.<\/strong><\/p>\n\n\n\n<p>Fala do dia&nbsp;<a href=\"https:\/\/pleno.news\/brasil\/politica-nacional\/lula-diz-que-ninguem-precisa-saber-votos-de-ministros-do-stf.html\" target=\"_blank\" rel=\"noreferrer noopener\">5 de setembro de 2023<\/a>, quando o petista disse, durante live, que os votos de cada ministro do STF n\u00e3o deveriam ser divulgados.<\/p>\n\n\n\n<p><strong>7. \u201cVoc\u00eas n\u00e3o v\u00e3o me ver de andador, muleta, voc\u00eas v\u00e3o me ver sempre bonito, como se eu n\u00e3o tivesse operado\u201d.<\/strong><\/p>\n\n\n\n<p>Fala proferida no dia&nbsp;<a href=\"https:\/\/pleno.news\/brasil\/politica-nacional\/voces-nao-vao-me-ver-de-andador-diz-lula-sobre-pos-cirurgia.html\" target=\"_blank\" rel=\"noreferrer noopener\">26 de setembro de 2023<\/a>, durante uma live, na qual revelou que seu fot\u00f3grafo, Ricardo Stuckert, n\u00e3o faria imagens de sua recupera\u00e7\u00e3o ap\u00f3s uma cirurgia no quadril. A declara\u00e7\u00e3o foi criticada por ser considerada capacitista.<\/p>\n\n\n\n<p><strong>8. \u201cN\u00e3o \u00e9 porque o Hamas cometeu um ato terrorista contra Israel que esse pa\u00eds tem que matar milh\u00f5es de inocentes\u201d.<\/strong><\/p>\n\n\n\n<p>Frase dita no dia&nbsp;<a href=\"https:\/\/pleno.news\/brasil\/apos-condenar-israel-lula-fala-com-familias-de-refens-do-hamas.html\" target=\"_blank\" rel=\"noreferrer noopener\">24 de outubro de 2023<\/a>, durante a extinta live semanal&nbsp;<em>Conversa com o Presidente<\/em>, quando Lula criticou a rea\u00e7\u00e3o de Israel diante do ataque terrorista do Hamas.<\/p>\n\n\n\n<p><strong>9. \u201cA guerra atual tamb\u00e9m decorre de d\u00e9cadas de frustra\u00e7\u00e3o e injusti\u00e7a, representada pela aus\u00eancia de um lar seguro para o povo palestino\u201d.<\/strong><\/p>\n\n\n\n<p>Frase proferida no dia&nbsp;<a href=\"https:\/\/pleno.news\/brasil\/politica-nacional\/lula-diz-que-guerra-ocorre-por-injustica-contra-a-palestina.html\" target=\"_blank\" rel=\"noreferrer noopener\">21 de novembro de 2023<\/a>, durante reuni\u00e3o do Brics, em nova refer\u00eancia \u00e0 guerra no Oriente M\u00e9dio.<\/p>\n\n\n\n<p><strong>10. \u201cEu espero que seja um comunista do bem\u201d.<\/strong><\/p>\n\n\n\n<p>Declara\u00e7\u00e3o feita no dia&nbsp;<a href=\"https:\/\/pleno.news\/brasil\/politica-nacional\/lula-diz-esperar-que-dino-seja-um-comunista-do-bem-no-stf.html\" target=\"_blank\" rel=\"noreferrer noopener\">20 de dezembro de 2023<\/a>&nbsp;durante reuni\u00e3o ministerial, ao falar sobre a ida de Fl\u00e1vio Dino para o STF.<\/p>\n\n\n\n<p><strong>11. \u201cA gente quer humanizar o combate ao pequeno crime\u201d.<\/strong><\/p>\n\n\n\n<p>Declara\u00e7\u00e3o feita no dia<a href=\"https:\/\/pleno.news\/brasil\/politica-nacional\/lula-afirma-querer-humanizar-o-combate-ao-pequeno-crime.html\" target=\"_blank\" rel=\"noreferrer noopener\">&nbsp;31 de janeiro de 2024<\/a>, durante balan\u00e7o da gest\u00e3o de Fl\u00e1vio Dino no Minist\u00e9rio da Justi\u00e7a.<\/p>\n\n\n\n<p><strong>12. \u201cAfrodescendente assim gosta do batuque de um tambor\u201d.<\/strong><\/p>\n\n\n\n<p>Fala feita no dia&nbsp;<a href=\"https:\/\/pleno.news\/brasil\/politica-nacional\/lula-afrodescendente-assim-gosta-do-batuque-de-um-tambor.html\" target=\"_blank\" rel=\"noreferrer noopener\">2 de fevereiro de 2024<\/a>, durante uma cerim\u00f4nia na f\u00e1brica da Volkswagen, em S\u00e3o Bernardo do Campo (SP), quando Lula disse n\u00e3o ter identificado inicialmente que jovem negra n\u00e3o era cantora, mas aprendiz da montadora premiada na Alemanha.<\/p>\n\n\n\n<p><strong>13. \u201cSe a gente n\u00e3o tiver profiss\u00e3o, a gente vai ser ajudante geral. E ajudante geral n\u00e3o ganha nada\u201d.<\/strong><\/p>\n\n\n\n<p>Fala proferida no dia&nbsp;<a href=\"https:\/\/pleno.news\/brasil\/politica-nacional\/fala-de-lula-sobre-ajudante-geral-provoca-criticas-nas-redes.html\" target=\"_blank\" rel=\"noreferrer noopener\">7 de fevereiro de 2024<\/a>&nbsp;durante evento de lan\u00e7amento da pedra fundamental do campus do Instituto Federal do Rio de Janeiro.<\/p>\n\n\n\n<p><strong>14. \u201cO que est\u00e1 acontecendo na Faixa de Gaza com o povo palestino, n\u00e3o existe em nenhum outro momento hist\u00f3rico. Ali\u00e1s, existiu quando Hitler resolveu matar os judeus\u201d.<\/strong><\/p>\n\n\n\n<p>Fala proferida no dia&nbsp;<a href=\"https:\/\/pleno.news\/brasil\/politica-nacional\/lula-compara-acao-de-israel-em-gaza-a-de-adolf-hitler.html\" target=\"_blank\" rel=\"noreferrer noopener\">18 de fevereiro de 2024<\/a>, durante uma entrevista que Lula concedeu a jornalistas em Adis Abeba, na Eti\u00f3pia.<\/p>\n\n\n\n<p><strong>15. \u201cNum pa\u00eds que tem tanta gente inteligente, para que precisa de intelig\u00eancia artificial?\u201d.<\/strong><\/p>\n\n\n\n<p>Fala proferida no dia&nbsp;<a href=\"https:\/\/pleno.news\/brasil\/politica-nacional\/lula-critica-inteligencia-artificial-e-defende-a-inteligencia-humana.html\" target=\"_blank\" rel=\"noreferrer noopener\">8 de mar\u00e7o de 2024<\/a>, durante um almo\u00e7o especial pelo Dia Internacional da Mulher.<\/p>\n\n\n\n<p><strong>16. \u201cO Deus do Malafaia n\u00e3o \u00e9 o mesmo que o nosso\u201d.<\/strong><\/p>\n\n\n\n<p>Fala proferida no dia&nbsp;<a href=\"https:\/\/pleno.news\/brasil\/politica-nacional\/lula-dispara-o-deus-do-malafaia-nao-e-o-mesmo-que-o-nosso.html\" target=\"_blank\" rel=\"noreferrer noopener\">18 de mar\u00e7o de 2024<\/a>&nbsp;durante reuni\u00e3o com ministros de governo.<\/p>\n\n\n\n<p><strong>17. \u201cEnt\u00e3o, [para] as pessoas na verdade termina sendo, o abrigo, uma esp\u00e9cie de para\u00edso\u201d.<\/strong><\/p>\n\n\n\n<p>Declara\u00e7\u00e3o feita no dia&nbsp;<a href=\"https:\/\/pleno.news\/brasil\/politica-nacional\/lula-compara-abrigos-no-rs-com-uma-especie-de-paraiso.html\" target=\"_blank\" rel=\"noreferrer noopener\">15 de maio de 2024<\/a>, durante visita de Lula ao Rio Grande do Sul em raz\u00e3o das enchentes no estado.<\/p>\n\n\n\n<p><strong>18. \u201cNo campo do Galo hoje nem pobre entra mais, porque \u00e9 t\u00e3o chique\u201d.<\/strong><\/p>\n\n\n\n<p>Fala feita no dia\u00a0<a rel=\"noreferrer noopener\" href=\"https:\/\/pleno.news\/brasil\/politica-nacional\/lula-diz-que-estadio-do-galo-e-tao-chique-que-pobre-nem-entra.html\" target=\"_blank\">28 de junho de 2024<\/a>\u00a0durante cerim\u00f4nia de an\u00fancios de investimentos do governo federal nas \u00e1reas de energia e educa\u00e7\u00e3o para Minas Gerais.<\/p>\n","protected":false},"excerpt":{"rendered":"<p>O terceiro governo do presidente Luiz In\u00e1cio Lula da Silva (PT) chegou, no \u00faltimo domingo (30), ao fim de seu 18\u00b0 m\u00eas. No entanto, ao longo do \u00faltimo um ano e meio, n\u00e3o foram poucas as vezes em que o chefe do Executivo proferiu falas pol\u00eamicas ou controversas. Na lista de \u201cp\u00e9rolas\u201d est\u00e3o falas que [&hellip;]<\/p>\n","protected":false},"author":2,"featured_media":19955,"comment_status":"open","ping_status":"open","sticky":false,"template":"","format":"standard","meta":[],"categories":[4],"tags":[],"_links":{"self":[{"href":"https:\/\/dgospel.com.br\/portal\/index.php\/wp-json\/wp\/v2\/posts\/19954"}],"collection":[{"href":"https:\/\/dgospel.com.br\/portal\/index.php\/wp-json\/wp\/v2\/posts"}],"about":[{"href":"https:\/\/dgospel.com.br\/portal\/index.php\/wp-json\/wp\/v2\/types\/post"}],"author":[{"embeddable":true,"href":"https:\/\/dgospel.com.br\/portal\/index.php\/wp-json\/wp\/v2\/users\/2"}],"replies":[{"embeddable":true,"href":"https:\/\/dgospel.com.br\/portal\/index.php\/wp-json\/wp\/v2\/comments?post=19954"}],"version-history":[{"count":1,"href":"https:\/\/dgospel.com.br\/portal\/index.php\/wp-json\/wp\/v2\/posts\/19954\/revisions"}],"predecessor-version":[{"id":19956,"href":"https:\/\/dgospel.com.br\/portal\/index.php\/wp-json\/wp\/v2\/posts\/19954\/revisions\/19956"}],"wp:featuredmedia":[{"embeddable":true,"href":"https:\/\/dgospel.com.br\/portal\/index.php\/wp-json\/wp\/v2\/media\/19955"}],"wp:attachment":[{"href":"https:\/\/dgospel.com.br\/portal\/index.php\/wp-json\/wp\/v2\/media?parent=19954"}],"wp:term":[{"taxonomy":"category","embeddable":true,"href":"https:\/\/dgospel.com.br\/portal\/index.php\/wp-json\/wp\/v2\/categories?post=19954"},{"taxonomy":"post_tag","embeddable":true,"href":"https:\/\/dgospel.com.br\/portal\/index.php\/wp-json\/wp\/v2\/tags?post=19954"}],"curies":[{"name":"wp","href":"https:\/\/api.w.org\/{rel}","templated":true}]}}