{"id":19957,"date":"2024-07-03T15:53:53","date_gmt":"2024-07-03T18:53:53","guid":{"rendered":"https:\/\/dgospel.com.br\/portal\/?p=19957"},"modified":"2024-07-03T15:53:55","modified_gmt":"2024-07-03T18:53:55","slug":"apos-escandalo-de-irregularidades-governo-lula-afirma-que-brasil-nao-precisa-de-importacao-de-arroz","status":"publish","type":"post","link":"https:\/\/dgospel.com.br\/portal\/index.php\/2024\/07\/03\/apos-escandalo-de-irregularidades-governo-lula-afirma-que-brasil-nao-precisa-de-importacao-de-arroz\/","title":{"rendered":"Ap\u00f3s esc\u00e2ndalo de irregularidades, Governo Lula afirma que Brasil n\u00e3o precisa de importa\u00e7\u00e3o de arroz"},"content":{"rendered":"\n<p>O ministro da Agricultura, Carlos F\u00e1varo, afirmou na manh\u00e3 desta quarta-feira (03) que o Brasil n\u00e3o deve, por enquanto, realizar novos leil\u00f5es para importar arroz. A declara\u00e7\u00e3o foi dada durante entrevista ao programa \u201cEm Ponto\u201d, da Globonews.<\/p>\n\n\n\n<p>Um leil\u00e3o de importa\u00e7\u00e3o de 263 mil toneladas de arroz foi anulado em junho pelo governo federal ap\u00f3s ind\u00edcios de fraude e a incapacidade t\u00e9cnica e financeira de algumas empresas vencedoras. \u201cTivemos problemas, \u00e9 fato, n\u00f3s cancelamos esses leil\u00f5es. Mas o fato real \u00e9 que, com a sinaliza\u00e7\u00e3o de disponibilidade do governo de comprar arroz importado e abastecer o mercado brasileiro, al\u00e9m da volta da normalidade em estradas, os pre\u00e7os do arroz j\u00e1 cederam e voltamos aos pre\u00e7os normais\u201d, explicou F\u00e1varo.<\/p>\n\n\n\n<p>F\u00e1varo destacou que os pre\u00e7os do arroz j\u00e1 est\u00e3o dentro da normalidade em v\u00e1rias regi\u00f5es do pa\u00eds. \u201cJ\u00e1 temos arroz, em algumas regi\u00f5es do pa\u00eds, a R$ 19, R$ 20, R$ 23 e R$ 25, o pacote de cinco quilos, o que est\u00e1 dentro da normalidade. Ent\u00e3o, me parece que \u00e9 mais plaus\u00edvel nesse momento a gente monitorar o mercado, n\u00e3o havendo especula\u00e7\u00e3o, na minha avalia\u00e7\u00e3o n\u00e3o se faz necess\u00e1rio novos leil\u00f5es\u201d, acrescentou.<\/p>\n\n\n\n<p>De acordo com o ministro, o governo tem um edital pronto e far\u00e1 uma reuni\u00e3o com a Federa\u00e7\u00e3o dos Arrozeiros do Rio Grande do Sul (Federarroz) e representantes da ind\u00fastria ainda nesta quarta-feira. \u201cVamos buscar alguns compromissos com eles, de estabilidade de pre\u00e7o, de log\u00edstica e frete. Eles mesmos podem nos dizer um momento, se for necess\u00e1ria, alguma interven\u00e7\u00e3o do governo. Por ora \u00e9 mais prudente, j\u00e1 que os pre\u00e7os cederam, que a gente tome outras atitudes de est\u00edmulo \u00e0 produ\u00e7\u00e3o. N\u00e3o se faz necess\u00e1rio novos leil\u00f5es de importa\u00e7\u00e3o\u201d, completou F\u00e1varo.<\/p>\n\n\n\n<p>O ministro enfatizou que a prioridade do governo, neste momento, \u00e9 monitorar o mercado e buscar medidas para estimular a produ\u00e7\u00e3o nacional de arroz, evitando interven\u00e7\u00f5es desnecess\u00e1rias como novos leil\u00f5es de importa\u00e7\u00e3o.<\/p>\n","protected":false},"excerpt":{"rendered":"<p>O ministro da Agricultura, Carlos F\u00e1varo, afirmou na manh\u00e3 desta quarta-feira (03) que o Brasil n\u00e3o deve, por enquanto, realizar novos leil\u00f5es para importar arroz. A declara\u00e7\u00e3o foi dada durante entrevista ao programa \u201cEm Ponto\u201d, da Globonews. Um leil\u00e3o de importa\u00e7\u00e3o de 263 mil toneladas de arroz foi anulado em junho pelo governo federal ap\u00f3s [&hellip;]<\/p>\n","protected":false},"author":2,"featured_media":19958,"comment_status":"open","ping_status":"open","sticky":false,"template":"","format":"standard","meta":[],"categories":[12,10],"tags":[],"_links":{"self":[{"href":"https:\/\/dgospel.com.br\/portal\/index.php\/wp-json\/wp\/v2\/posts\/19957"}],"collection":[{"href":"https:\/\/dgospel.com.br\/portal\/index.php\/wp-json\/wp\/v2\/posts"}],"about":[{"href":"https:\/\/dgospel.com.br\/portal\/index.php\/wp-json\/wp\/v2\/types\/post"}],"author":[{"embeddable":true,"href":"https:\/\/dgospel.com.br\/portal\/index.php\/wp-json\/wp\/v2\/users\/2"}],"replies":[{"embeddable":true,"href":"https:\/\/dgospel.com.br\/portal\/index.php\/wp-json\/wp\/v2\/comments?post=19957"}],"version-history":[{"count":1,"href":"https:\/\/dgospel.com.br\/portal\/index.php\/wp-json\/wp\/v2\/posts\/19957\/revisions"}],"predecessor-version":[{"id":19959,"href":"https:\/\/dgospel.com.br\/portal\/index.php\/wp-json\/wp\/v2\/posts\/19957\/revisions\/19959"}],"wp:featuredmedia":[{"embeddable":true,"href":"https:\/\/dgospel.com.br\/portal\/index.php\/wp-json\/wp\/v2\/media\/19958"}],"wp:attachment":[{"href":"https:\/\/dgospel.com.br\/portal\/index.php\/wp-json\/wp\/v2\/media?parent=19957"}],"wp:term":[{"taxonomy":"category","embeddable":true,"href":"https:\/\/dgospel.com.br\/portal\/index.php\/wp-json\/wp\/v2\/categories?post=19957"},{"taxonomy":"post_tag","embeddable":true,"href":"https:\/\/dgospel.com.br\/portal\/index.php\/wp-json\/wp\/v2\/tags?post=19957"}],"curies":[{"name":"wp","href":"https:\/\/api.w.org\/{rel}","templated":true}]}}