{"id":19966,"date":"2024-07-03T16:56:09","date_gmt":"2024-07-03T19:56:09","guid":{"rendered":"https:\/\/dgospel.com.br\/portal\/?p=19966"},"modified":"2024-07-03T16:56:10","modified_gmt":"2024-07-03T19:56:10","slug":"em-palmas-governo-do-tocantins-entrega-217-titulos-de-imoveis-no-setor-irma-dulce","status":"publish","type":"post","link":"https:\/\/dgospel.com.br\/portal\/index.php\/2024\/07\/03\/em-palmas-governo-do-tocantins-entrega-217-titulos-de-imoveis-no-setor-irma-dulce\/","title":{"rendered":"Em Palmas, Governo do Tocantins entrega 217 t\u00edtulos de im\u00f3veis no setor Irm\u00e3 Dulce"},"content":{"rendered":"\n<p>O Governo do Tocantins, por meio da Tocantins Parcerias, entregou na noite dessa ter\u00e7a-feira, 2, 217 t\u00edtulos de propriedades aos moradores do setor Irm\u00e3 Dulce, em Palmas, durante a solenidade de entrega da primeira etapa da regi\u00e3o. A a\u00e7\u00e3o foi realizada em parceria com a Prefeitura de Palmas, com o Poder Judici\u00e1rio, por meio do N\u00facleo de Preven\u00e7\u00e3o e Regulariza\u00e7\u00e3o Fundi\u00e1ria da Corregedoria Geral da Justi\u00e7a (Nupref\/CGJUS) e do Cart\u00f3rio de Registro de Im\u00f3veis de Palmas. Ao todo, 1,4 mil im\u00f3veis est\u00e3o em processo de regulariza\u00e7\u00e3o nesta etapa.&nbsp;<\/p>\n\n\n\n<p>Durante a solenidade de entrega, o presidente da Tocantins Parcerias, Aleandro Lacerda, destacou o trabalho \u00e1rduo para efetuar a regulariza\u00e7\u00e3o fundi\u00e1ria do Irm\u00e3 Dulce, que iniciou em 2003. \u201cForam muitos anos lutando para promover a regulariza\u00e7\u00e3o fundi\u00e1ria, que iniciou em 2003, mas em 2008 tivemos a decis\u00e3o do CNJ [Conselho Nacional de Justi\u00e7a] na a\u00e7\u00e3o discriminat\u00f3ria que voltou todo processo \u00e0 estaca zero. A partir de 2017 com a Lei n\u00ba 13.465 de Regulariza\u00e7\u00e3o Fundi\u00e1ria Urbana e com a cria\u00e7\u00e3o da Secretaria de Regulariza\u00e7\u00e3o Fundi\u00e1ria por parte da Prefeitura, tivemos avan\u00e7os significativos com o termo de coopera\u00e7\u00e3o entre munic\u00edpio de Palmas, Corregedoria Geral da Justi\u00e7a e Estado do Tocantins e o apoio irrestrito do CRI [Cart\u00f3rio de Registro de Im\u00f3veis] de Palmas. A uni\u00e3o de todos permitiu, na data de hoje&nbsp;<em>[ter\u00e7a-feira, 2]<\/em>, transformar o sonho dessas fam\u00edlias em realidade com toda a seguran\u00e7a jur\u00eddica\u201d, explicou o presidente.&nbsp;<\/p>\n\n\n\n<p>Para a moradora da regi\u00e3o, Geovania Santana Vilarinho, que esperou 28 anos pelo documento do seu im\u00f3vel, o dia \u00e9 de grande alegria. \u201cEstava sonhando por esse dia h\u00e1 anos, para pegar meu documento e, enfim, poder melhorar a minha casa. Quero reform\u00e1-la e aumentar. Para isso, preciso fazer um empr\u00e9stimo no banco e precisava do documento, mas agora vou poder fazer\u201d, afirmou a benefici\u00e1ria.<\/p>\n\n\n\n<p><strong>Cidadania e Dignidade<\/strong><\/p>\n\n\n\n<p>A corregedora-geral da Justi\u00e7a, desembargadora Maysa Vendramini Rosal, ressaltou os direitos e as garantias que a regulariza\u00e7\u00e3o traz para o cidad\u00e3o e o munic\u00edpio. \u201cAl\u00e9m da infraestrutura, a regulariza\u00e7\u00e3o traz a cidadania e a dignidade a esses moradores e reduz os conflitos fundi\u00e1rios e a disputa de terras, o que pacifica o trabalho do Poder Judici\u00e1rio e garante a seguran\u00e7a jur\u00eddica \u00e0s fam\u00edlias\u201d, pontuou.&nbsp;<\/p>\n\n\n\n<p>O coordenador do Nupref\/CGJUS, juiz Wellington Magalh\u00e3es, refor\u00e7ou o empenho e o esfor\u00e7o das equipes que trabalham para fazer acontecer a regulariza\u00e7\u00e3o em todo o Estado e principalmente para os palmenses. \u201cN\u00f3s, como agentes, estamos aqui para servir o cidad\u00e3o. E hoje \u00e9 um dia especial, dia de comemorar o sonho realizado para essas centenas de fam\u00edlias que est\u00e3o aqui\u201d, finalizou.<\/p>\n\n\n\n<p><img src=\"https:\/\/central.to.gov.br\/image\/383713?w=670&amp;h=383\"><\/p>\n\n\n\n<p>Presidente da Tocantins Parcerias, Aleandro Lacerda, destacou o trabalho \u00e1rduo para efetuar a regulariza\u00e7\u00e3o fundi\u00e1ria do Irm\u00e3 Dulce, que iniciou em 2003 &#8211; Lucas Nascimento\/TJTO<\/p>\n\n\n\n<p><img src=\"https:\/\/central.to.gov.br\/image\/383711?w=670&amp;h=383\"><\/p>\n\n\n\n<p>Ao todo, 1,4 mil im\u00f3veis est\u00e3o em processo de regulariza\u00e7\u00e3o nesta etapa &#8211; Lucas Nascimento\/TJTO<\/p>\n","protected":false},"excerpt":{"rendered":"<p>O Governo do Tocantins, por meio da Tocantins Parcerias, entregou na noite dessa ter\u00e7a-feira, 2, 217 t\u00edtulos de propriedades aos moradores do setor Irm\u00e3 Dulce, em Palmas, durante a solenidade de entrega da primeira etapa da regi\u00e3o. A a\u00e7\u00e3o foi realizada em parceria com a Prefeitura de Palmas, com o Poder Judici\u00e1rio, por meio do [&hellip;]<\/p>\n","protected":false},"author":2,"featured_media":19967,"comment_status":"open","ping_status":"open","sticky":false,"template":"","format":"standard","meta":[],"categories":[3],"tags":[13],"_links":{"self":[{"href":"https:\/\/dgospel.com.br\/portal\/index.php\/wp-json\/wp\/v2\/posts\/19966"}],"collection":[{"href":"https:\/\/dgospel.com.br\/portal\/index.php\/wp-json\/wp\/v2\/posts"}],"about":[{"href":"https:\/\/dgospel.com.br\/portal\/index.php\/wp-json\/wp\/v2\/types\/post"}],"author":[{"embeddable":true,"href":"https:\/\/dgospel.com.br\/portal\/index.php\/wp-json\/wp\/v2\/users\/2"}],"replies":[{"embeddable":true,"href":"https:\/\/dgospel.com.br\/portal\/index.php\/wp-json\/wp\/v2\/comments?post=19966"}],"version-history":[{"count":1,"href":"https:\/\/dgospel.com.br\/portal\/index.php\/wp-json\/wp\/v2\/posts\/19966\/revisions"}],"predecessor-version":[{"id":19968,"href":"https:\/\/dgospel.com.br\/portal\/index.php\/wp-json\/wp\/v2\/posts\/19966\/revisions\/19968"}],"wp:featuredmedia":[{"embeddable":true,"href":"https:\/\/dgospel.com.br\/portal\/index.php\/wp-json\/wp\/v2\/media\/19967"}],"wp:attachment":[{"href":"https:\/\/dgospel.com.br\/portal\/index.php\/wp-json\/wp\/v2\/media?parent=19966"}],"wp:term":[{"taxonomy":"category","embeddable":true,"href":"https:\/\/dgospel.com.br\/portal\/index.php\/wp-json\/wp\/v2\/categories?post=19966"},{"taxonomy":"post_tag","embeddable":true,"href":"https:\/\/dgospel.com.br\/portal\/index.php\/wp-json\/wp\/v2\/tags?post=19966"}],"curies":[{"name":"wp","href":"https:\/\/api.w.org\/{rel}","templated":true}]}}