{"id":1997,"date":"2018-12-05T10:18:04","date_gmt":"2018-12-05T12:18:04","guid":{"rendered":"http:\/\/dgospel.com.br\/portal\/?p=1997"},"modified":"2018-12-05T10:56:06","modified_gmt":"2018-12-05T12:56:06","slug":"mp-eleitoral-pede-que-o-tre-casse-o-mandato-do-governador-mauro-carlesse","status":"publish","type":"post","link":"https:\/\/dgospel.com.br\/portal\/index.php\/2018\/12\/05\/mp-eleitoral-pede-que-o-tre-casse-o-mandato-do-governador-mauro-carlesse\/","title":{"rendered":"MP Eleitoral pede que o TRE casse o mandato do governador Mauro Carlesse"},"content":{"rendered":"<p>O Minist\u00e9rio P\u00fablico Eleitoral do Tocantins pediu na noite desta ter\u00e7a-feira (4) que o Tribunal Regional Eleitoral casse os mandatos do governador do Tocantins, Mauro Carlesse (PHS) e do vice-governador, Wanderlei Barbosa (PHS). O pedido \u00e9 do procurador regional eleitoral \u00c1lvaro Manzano.<\/p>\n<p>A suspeita da procuradoria \u00e9 de que o governador tenha comprado apoio pol\u00edtico atrav\u00e9s de emendas parlamentares e conv\u00eanios<a href=\"https:\/\/g1.globo.com\/to\/tocantins\/eleicao-suplementar\/2018\/noticia\/carlesse-e-vicentinho-vao-disputar-o-governo-do-tocantins-no-segundo-turno.ghtml\">\u00a0durante a Elei\u00e7\u00e3o Suplementar no meio do ano.<\/a>\u00a0Tamb\u00e9m h\u00e1 ind\u00edcios da utiliza\u00e7\u00e3o de bens p\u00fablicos em campanha eleitoral, pagamentos irregulares de despesas e uso promocional de servi\u00e7os de car\u00e1ter social.<\/p>\n<p>No documento, o Minist\u00e9rio P\u00fablico exemplifica como supostas irregularidades o pagamento de emendas parlamentares para realiza\u00e7\u00e3o de festas, shows e eventos.<\/p>\n<p>O pedido ser\u00e1 julgado pelo Tribunal Regional Eleitoral do Tocantins.<\/p>\n<p>O governador informou que respeita o parecer, mas que trata-se somente do posicionamento da institui\u00e7\u00e3o. Em nota, ele reafirmou a legalidade das a\u00e7\u00f5es de campanha e disse que confia que o resultado do julgamento ter\u00e1 um desfecho positivo para que o Tocantins prossiga em seu trabalho de manuten\u00e7\u00e3o da estabilidade pol\u00edtica e jur\u00eddica.<\/p>\n<p>Carlesse \u00e9 o atual governador do estado.<a href=\"https:\/\/g1.globo.com\/to\/tocantins\/noticia\/carlesse-assume-governo-e-afirma-que-vai-recontratar-secretarios-escolhidos-em-marco.ghtml\">\u00a0Ele era presidente da Assembleia Legislativa e assumiu o comando do estado<\/a>\u00a0ap\u00f3s a\u00a0<a href=\"https:\/\/g1.globo.com\/to\/tocantins\/noticia\/governador-do-tocantins-tem-mandato-cassado-por-caixa-dois-nas-eleicoes-de-2014.ghtml\">cassa\u00e7\u00e3o de Marcelo Miranda (MDB) em mar\u00e7o deste ano<\/a>. As irregularidades investigadas teriam ocorrido durante a elei\u00e7\u00e3o suplementar que escolheu o governador para o mandato tamp\u00e3o. Em outubro,\u00a0<a href=\"https:\/\/g1.globo.com\/to\/tocantins\/eleicoes\/2018\/noticia\/2018\/10\/07\/mauro-carlesse-do-phs-e-reeleito-governador-do-tocantins.ghtml\">Carlesse foi reeleito para o segundo mandato<\/a>.<\/p>\n<p>&nbsp;<\/p>\n<p>Fonte:\u00a0G1 Tocantins<\/p>\n","protected":false},"excerpt":{"rendered":"<p>O Minist\u00e9rio P\u00fablico Eleitoral do Tocantins pediu na noite desta ter\u00e7a-feira (4) que o Tribunal Regional Eleitoral casse os mandatos do governador do Tocantins, Mauro Carlesse (PHS) e do vice-governador, Wanderlei Barbosa (PHS). O pedido \u00e9 do procurador regional eleitoral \u00c1lvaro Manzano. A suspeita da procuradoria \u00e9 de que o governador tenha comprado apoio pol\u00edtico [&hellip;]<\/p>\n","protected":false},"author":2,"featured_media":2009,"comment_status":"open","ping_status":"open","sticky":false,"template":"","format":"standard","meta":[],"categories":[2,4],"tags":[],"_links":{"self":[{"href":"https:\/\/dgospel.com.br\/portal\/index.php\/wp-json\/wp\/v2\/posts\/1997"}],"collection":[{"href":"https:\/\/dgospel.com.br\/portal\/index.php\/wp-json\/wp\/v2\/posts"}],"about":[{"href":"https:\/\/dgospel.com.br\/portal\/index.php\/wp-json\/wp\/v2\/types\/post"}],"author":[{"embeddable":true,"href":"https:\/\/dgospel.com.br\/portal\/index.php\/wp-json\/wp\/v2\/users\/2"}],"replies":[{"embeddable":true,"href":"https:\/\/dgospel.com.br\/portal\/index.php\/wp-json\/wp\/v2\/comments?post=1997"}],"version-history":[{"count":1,"href":"https:\/\/dgospel.com.br\/portal\/index.php\/wp-json\/wp\/v2\/posts\/1997\/revisions"}],"predecessor-version":[{"id":1999,"href":"https:\/\/dgospel.com.br\/portal\/index.php\/wp-json\/wp\/v2\/posts\/1997\/revisions\/1999"}],"wp:featuredmedia":[{"embeddable":true,"href":"https:\/\/dgospel.com.br\/portal\/index.php\/wp-json\/wp\/v2\/media\/2009"}],"wp:attachment":[{"href":"https:\/\/dgospel.com.br\/portal\/index.php\/wp-json\/wp\/v2\/media?parent=1997"}],"wp:term":[{"taxonomy":"category","embeddable":true,"href":"https:\/\/dgospel.com.br\/portal\/index.php\/wp-json\/wp\/v2\/categories?post=1997"},{"taxonomy":"post_tag","embeddable":true,"href":"https:\/\/dgospel.com.br\/portal\/index.php\/wp-json\/wp\/v2\/tags?post=1997"}],"curies":[{"name":"wp","href":"https:\/\/api.w.org\/{rel}","templated":true}]}}