{"id":19978,"date":"2024-07-06T10:44:57","date_gmt":"2024-07-06T13:44:57","guid":{"rendered":"https:\/\/dgospel.com.br\/portal\/?p=19978"},"modified":"2024-07-06T10:44:58","modified_gmt":"2024-07-06T13:44:58","slug":"cpac-conferencia-conservadora-com-milei-e-bolsonaro-tem-inicio-neste-sabado","status":"publish","type":"post","link":"https:\/\/dgospel.com.br\/portal\/index.php\/2024\/07\/06\/cpac-conferencia-conservadora-com-milei-e-bolsonaro-tem-inicio-neste-sabado\/","title":{"rendered":"CPAC: Confer\u00eancia conservadora com Milei e Bolsonaro tem in\u00edcio neste s\u00e1bado"},"content":{"rendered":"\n<p>Este s\u00e1bado (6), marca o primeiro dia da Confer\u00eancia Anual de A\u00e7\u00e3o Pol\u00edtica Conservadora, conhecida como CPAC. O evento acontece em em Balne\u00e1rio Cambori\u00fa (SC), no Expocentro, e contar\u00e1 com a presen\u00e7a de nomes como o ex-presidente do Brasil, Jair Bolsonaro, e o presidente argentino Javier Milei.<\/p>\n\n\n\n<p>A programa\u00e7\u00e3o \u00e9 da ACU (American Conservative Union) e a YAF (Young Americans for Freedom), em parceria com o Instituto Legal Conservador. Nas redes sociais, v\u00e1rios pol\u00edticos divulgaram fotos e v\u00eddeos da programa\u00e7\u00e3o, incluindo bastidores.<\/p>\n\n\n\n<p>Bolsonaro foi ovacionado, na sexta (5), ao entrar no Mercure Hotel, na cidade catarinense. Uma multid\u00e3o gritou \u201cMito\u201d.<\/p>\n\n\n\n<p>Entre os demais participantes est\u00e3o Jorginho Mello (PL), governador de Santa Catarina; senador Magno Malta (PL-ES); deputado Ricardo Salles (PL-SP); deputado Eduardo Bolsonaro (PL-SP); deputada Caroline de Toni (PL-SC); deputado Gustavo Gayer (PL-GO); deputado Nikolas Ferreira (PL-MG); deputada Julia Zanatta (PL-SC); deputado Luiz Philippe de Orleans Bragan\u00e7a (PL-SP); deputada Ana Campagnolo (PL-SC); deputado Bruno Engler (PL-MG); deputado Filipe Barros (PL-PR); e deputado M\u00e1rio Frias (PL-SP), entre outros parlamentares.<\/p>\n\n\n\n<p>O secret\u00e1rio de Seguran\u00e7a P\u00fablica de S\u00e3o Paulo, Guilherme Derrite, \u00e9 outro nome confirmado.<\/p>\n\n\n\n<p><\/p>\n","protected":false},"excerpt":{"rendered":"<p>Este s\u00e1bado (6), marca o primeiro dia da Confer\u00eancia Anual de A\u00e7\u00e3o Pol\u00edtica Conservadora, conhecida como CPAC. O evento acontece em em Balne\u00e1rio Cambori\u00fa (SC), no Expocentro, e contar\u00e1 com a presen\u00e7a de nomes como o ex-presidente do Brasil, Jair Bolsonaro, e o presidente argentino Javier Milei. A programa\u00e7\u00e3o \u00e9 da ACU (American Conservative Union) [&hellip;]<\/p>\n","protected":false},"author":2,"featured_media":19979,"comment_status":"open","ping_status":"open","sticky":false,"template":"","format":"standard","meta":[],"categories":[4],"tags":[],"_links":{"self":[{"href":"https:\/\/dgospel.com.br\/portal\/index.php\/wp-json\/wp\/v2\/posts\/19978"}],"collection":[{"href":"https:\/\/dgospel.com.br\/portal\/index.php\/wp-json\/wp\/v2\/posts"}],"about":[{"href":"https:\/\/dgospel.com.br\/portal\/index.php\/wp-json\/wp\/v2\/types\/post"}],"author":[{"embeddable":true,"href":"https:\/\/dgospel.com.br\/portal\/index.php\/wp-json\/wp\/v2\/users\/2"}],"replies":[{"embeddable":true,"href":"https:\/\/dgospel.com.br\/portal\/index.php\/wp-json\/wp\/v2\/comments?post=19978"}],"version-history":[{"count":1,"href":"https:\/\/dgospel.com.br\/portal\/index.php\/wp-json\/wp\/v2\/posts\/19978\/revisions"}],"predecessor-version":[{"id":19980,"href":"https:\/\/dgospel.com.br\/portal\/index.php\/wp-json\/wp\/v2\/posts\/19978\/revisions\/19980"}],"wp:featuredmedia":[{"embeddable":true,"href":"https:\/\/dgospel.com.br\/portal\/index.php\/wp-json\/wp\/v2\/media\/19979"}],"wp:attachment":[{"href":"https:\/\/dgospel.com.br\/portal\/index.php\/wp-json\/wp\/v2\/media?parent=19978"}],"wp:term":[{"taxonomy":"category","embeddable":true,"href":"https:\/\/dgospel.com.br\/portal\/index.php\/wp-json\/wp\/v2\/categories?post=19978"},{"taxonomy":"post_tag","embeddable":true,"href":"https:\/\/dgospel.com.br\/portal\/index.php\/wp-json\/wp\/v2\/tags?post=19978"}],"curies":[{"name":"wp","href":"https:\/\/api.w.org\/{rel}","templated":true}]}}