{"id":19990,"date":"2024-07-09T10:42:43","date_gmt":"2024-07-09T13:42:43","guid":{"rendered":"https:\/\/dgospel.com.br\/portal\/?p=19990"},"modified":"2024-07-09T10:42:44","modified_gmt":"2024-07-09T13:42:44","slug":"amazonia-tem-maior-numero-de-queimadas-ate-junho-em-20-anos","status":"publish","type":"post","link":"https:\/\/dgospel.com.br\/portal\/index.php\/2024\/07\/09\/amazonia-tem-maior-numero-de-queimadas-ate-junho-em-20-anos\/","title":{"rendered":"Amaz\u00f4nia tem maior n\u00famero de queimadas at\u00e9 junho em 20 anos"},"content":{"rendered":"\n<p>N\u00e3o foram apenas o&nbsp;<a href=\"http:\/\/pleno.news\/tag\/pantanal\" target=\"_blank\" rel=\"noreferrer noopener\">Pantanal<\/a>&nbsp;e o Cerrado que registraram n\u00fameros expressivos e hist\u00f3ricos de queimadas no primeiro semestre de 2024, mas o maior bioma brasileiro, a&nbsp;<a href=\"http:\/\/pleno.news\/tag\/amazonia\" target=\"_blank\" rel=\"noreferrer noopener\">Amaz\u00f4nia<\/a>, tamb\u00e9m atingiu um patamar elevado nesse quesito. \u00c9 o que apontam os dados registrados pelo Programa Queimadas, do Instituto Nacional de Pesquisas Especiais (Inpe).<\/p>\n\n\n\n<p>De acordo com o Inpe, a Amaz\u00f4nia teve 13.489 focos de inc\u00eandio entre janeiro e junho deste ano. O n\u00famero \u00e9 61,7% maior que o registrado no ano passado, quando o bioma teve 8.344 focos, e o pior em 20 anos. A quantidade \u00e9 a terceira maior da s\u00e9rie hist\u00f3rica, iniciada pelo instituto em 1998. Apenas 2003, com 17.143 pontos de inc\u00eandio, e 2004, com 17.340, tiveram n\u00fameros maiores.<\/p>\n\n\n\n<p>Nos outros quatro anos desde 1998 em que foram registrados mais de 10 mil focos de inc\u00eandio na Amaz\u00f4nia no primeiro semestre, tr\u00eas foram sob governos do PT: 2005, com 11.652 focos; 2007, com 10.565; e 2016, com 11.873 pontos.<\/p>\n\n\n\n<p><strong>PANTANAL COM RECORDE E CERRADO COM RESULTADO HIST\u00d3RICO<br><\/strong>Considerando toda a s\u00e9rie do Inpe, o ano de 2024 teve recorde hist\u00f3rico do n\u00famero de focos de inc\u00eandio detectados no Pantanal, com 3.538 pontos de queimadas registrados entre 1\u00b0 de janeiro e 30 de junho. Na compara\u00e7\u00e3o com o ano passado, quando a quantidade foi de 167 focos, o n\u00famero subiu 2.018%<\/p>\n\n\n\n<p>No Cerrado, entre 1\u00b0 de janeiro e esta segunda-feira (8), foram registrados 14.583 focos de inc\u00eandio, o maior n\u00famero entre todos os biomas brasileiros durante esse per\u00edodo. O resultado \u00e9 o pior desde 2010, quanto foram detectados 15.118 focos.<\/p>\n","protected":false},"excerpt":{"rendered":"<p>N\u00e3o foram apenas o&nbsp;Pantanal&nbsp;e o Cerrado que registraram n\u00fameros expressivos e hist\u00f3ricos de queimadas no primeiro semestre de 2024, mas o maior bioma brasileiro, a&nbsp;Amaz\u00f4nia, tamb\u00e9m atingiu um patamar elevado nesse quesito. \u00c9 o que apontam os dados registrados pelo Programa Queimadas, do Instituto Nacional de Pesquisas Especiais (Inpe). De acordo com o Inpe, a [&hellip;]<\/p>\n","protected":false},"author":2,"featured_media":19991,"comment_status":"open","ping_status":"open","sticky":false,"template":"","format":"standard","meta":[],"categories":[10],"tags":[13],"_links":{"self":[{"href":"https:\/\/dgospel.com.br\/portal\/index.php\/wp-json\/wp\/v2\/posts\/19990"}],"collection":[{"href":"https:\/\/dgospel.com.br\/portal\/index.php\/wp-json\/wp\/v2\/posts"}],"about":[{"href":"https:\/\/dgospel.com.br\/portal\/index.php\/wp-json\/wp\/v2\/types\/post"}],"author":[{"embeddable":true,"href":"https:\/\/dgospel.com.br\/portal\/index.php\/wp-json\/wp\/v2\/users\/2"}],"replies":[{"embeddable":true,"href":"https:\/\/dgospel.com.br\/portal\/index.php\/wp-json\/wp\/v2\/comments?post=19990"}],"version-history":[{"count":1,"href":"https:\/\/dgospel.com.br\/portal\/index.php\/wp-json\/wp\/v2\/posts\/19990\/revisions"}],"predecessor-version":[{"id":19992,"href":"https:\/\/dgospel.com.br\/portal\/index.php\/wp-json\/wp\/v2\/posts\/19990\/revisions\/19992"}],"wp:featuredmedia":[{"embeddable":true,"href":"https:\/\/dgospel.com.br\/portal\/index.php\/wp-json\/wp\/v2\/media\/19991"}],"wp:attachment":[{"href":"https:\/\/dgospel.com.br\/portal\/index.php\/wp-json\/wp\/v2\/media?parent=19990"}],"wp:term":[{"taxonomy":"category","embeddable":true,"href":"https:\/\/dgospel.com.br\/portal\/index.php\/wp-json\/wp\/v2\/categories?post=19990"},{"taxonomy":"post_tag","embeddable":true,"href":"https:\/\/dgospel.com.br\/portal\/index.php\/wp-json\/wp\/v2\/tags?post=19990"}],"curies":[{"name":"wp","href":"https:\/\/api.w.org\/{rel}","templated":true}]}}