{"id":19994,"date":"2024-07-09T10:45:16","date_gmt":"2024-07-09T13:45:16","guid":{"rendered":"https:\/\/dgospel.com.br\/portal\/?p=19994"},"modified":"2024-07-09T10:45:17","modified_gmt":"2024-07-09T13:45:17","slug":"abiec-carne-fora-da-cesta-basica-aumenta-inseguranca-alimentar","status":"publish","type":"post","link":"https:\/\/dgospel.com.br\/portal\/index.php\/2024\/07\/09\/abiec-carne-fora-da-cesta-basica-aumenta-inseguranca-alimentar\/","title":{"rendered":"Abiec: Carne fora da cesta b\u00e1sica aumenta inseguran\u00e7a alimentar"},"content":{"rendered":"\n<p>A Associa\u00e7\u00e3o Brasileira das Ind\u00fastrias Exportadoras de Carnes (Abiec) informou em comunicado que \u201cv\u00ea com preocupa\u00e7\u00e3o a n\u00e3o inclus\u00e3o das carnes e outras prote\u00ednas de origem animal na lista de produtos da cesta b\u00e1sica nacional, com al\u00edquota zero, incluindo a carne bovina\u201d. Segundo a associa\u00e7\u00e3o, a manuten\u00e7\u00e3o do texto substitutivo ao Projeto de Lei Complementar n\u00ba 68\/2024, proposto pelo Grupo de Trabalho da Reforma Tribut\u00e1ria da C\u00e2mara dos Deputados, causar\u00e1 severo impacto no acesso aos alimentos nutricionalmente recomendados \u00e0 popula\u00e7\u00e3o brasileira, aumentando a inseguran\u00e7a alimentar.<\/p>\n\n\n\n<p>At\u00e9 ent\u00e3o, explica a Abiec, a carne bovina goza de isen\u00e7\u00e3o total ou redu\u00e7\u00e3o de ICMS em todos os estados brasileiros e sobre ela tamb\u00e9m n\u00e3o incidem o PIS e o Cofins.<\/p>\n\n\n\n<p>\u2013 Desta forma, al\u00e9m de n\u00e3o favorecer o consumo democr\u00e1tico deste alimento essencial para a sa\u00fade humana, a reforma tribut\u00e1ria, neste ponto tiraria um benef\u00edcio que a popula\u00e7\u00e3o j\u00e1 tem \u2013 lamenta.<\/p>\n\n\n\n<p>\u2013 N\u00e3o se justifica o argumento de que a inclus\u00e3o da prote\u00edna de origem animal na al\u00edquota zero da cesta b\u00e1sica traria malef\u00edcios a sociedade, por conta do suposto aumento da al\u00edquota geral do IVA (IBS\/CBS), em quase 1 ponto porcentual. Primeiro, por se tratar de alimento que trar\u00e1 benef\u00edcio \u00e0 popula\u00e7\u00e3o mais vulner\u00e1vel, segundo, porque nos parece inconstitucional a sua exclus\u00e3o (Intelig\u00eancia do artigo 8\u00ba da Emenda Constitucional 132, que conceitua cesta b\u00e1sica) e, terceiro, porque essa \u201cteoria\u201d n\u00e3o se sustenta diante de uma an\u00e1lise serena, a qual sugere um aumento pr\u00f3ximo de 0,2 ponto porcentual. N\u00e3o se pode punir as pessoas de menor poder aquisitivo sob o argumento de n\u00e3o beneficiar as que t\u00eam mais recursos financeiros \u2013 dia a associa\u00e7\u00e3o.<\/p>\n\n\n\n<p>Conforme a Abiec, a carne bovina e as demais prote\u00ednas animais s\u00e3o essenciais \u00e0 sa\u00fade humana. Tirar desses produtos o benef\u00edcio da isen\u00e7\u00e3o significa dificultar o acesso a esses alimentos e aumentar a exclus\u00e3o e a inseguran\u00e7a alimentar para uma parte consider\u00e1vel da popula\u00e7\u00e3o do pa\u00eds.<\/p>\n\n\n\n<p>\u2013 \u00c9 importante, tamb\u00e9m, que se diga que a medida afeta uma das mais importantes cadeias produtivas da economia nacional, em gera\u00e7\u00e3o de renda e de empregos, a da pecu\u00e1ria de corte. Em 2023, o setor movimentou R$ 890 bilh\u00f5es, desde os insumos e servi\u00e7os envolvidos da produ\u00e7\u00e3o e industrializa\u00e7\u00e3o, at\u00e9 o varejo. No que tange \u00e0 gera\u00e7\u00e3o de empregos, nas fazendas e nas ind\u00fastrias de abate, somando funcion\u00e1rios contratados, produtores e pequenos propriet\u00e1rios de subsist\u00eancia, o setor garantiu cerca de 6,5 milh\u00f5es de postos de trabalho \u2013 ressaltou a associa\u00e7\u00e3o.<\/p>\n\n\n\n<p>*AE<\/p>\n","protected":false},"excerpt":{"rendered":"<p>A Associa\u00e7\u00e3o Brasileira das Ind\u00fastrias Exportadoras de Carnes (Abiec) informou em comunicado que \u201cv\u00ea com preocupa\u00e7\u00e3o a n\u00e3o inclus\u00e3o das carnes e outras prote\u00ednas de origem animal na lista de produtos da cesta b\u00e1sica nacional, com al\u00edquota zero, incluindo a carne bovina\u201d. Segundo a associa\u00e7\u00e3o, a manuten\u00e7\u00e3o do texto substitutivo ao Projeto de Lei Complementar [&hellip;]<\/p>\n","protected":false},"author":2,"featured_media":19995,"comment_status":"open","ping_status":"open","sticky":false,"template":"","format":"standard","meta":[],"categories":[12,4],"tags":[13],"_links":{"self":[{"href":"https:\/\/dgospel.com.br\/portal\/index.php\/wp-json\/wp\/v2\/posts\/19994"}],"collection":[{"href":"https:\/\/dgospel.com.br\/portal\/index.php\/wp-json\/wp\/v2\/posts"}],"about":[{"href":"https:\/\/dgospel.com.br\/portal\/index.php\/wp-json\/wp\/v2\/types\/post"}],"author":[{"embeddable":true,"href":"https:\/\/dgospel.com.br\/portal\/index.php\/wp-json\/wp\/v2\/users\/2"}],"replies":[{"embeddable":true,"href":"https:\/\/dgospel.com.br\/portal\/index.php\/wp-json\/wp\/v2\/comments?post=19994"}],"version-history":[{"count":1,"href":"https:\/\/dgospel.com.br\/portal\/index.php\/wp-json\/wp\/v2\/posts\/19994\/revisions"}],"predecessor-version":[{"id":19996,"href":"https:\/\/dgospel.com.br\/portal\/index.php\/wp-json\/wp\/v2\/posts\/19994\/revisions\/19996"}],"wp:featuredmedia":[{"embeddable":true,"href":"https:\/\/dgospel.com.br\/portal\/index.php\/wp-json\/wp\/v2\/media\/19995"}],"wp:attachment":[{"href":"https:\/\/dgospel.com.br\/portal\/index.php\/wp-json\/wp\/v2\/media?parent=19994"}],"wp:term":[{"taxonomy":"category","embeddable":true,"href":"https:\/\/dgospel.com.br\/portal\/index.php\/wp-json\/wp\/v2\/categories?post=19994"},{"taxonomy":"post_tag","embeddable":true,"href":"https:\/\/dgospel.com.br\/portal\/index.php\/wp-json\/wp\/v2\/tags?post=19994"}],"curies":[{"name":"wp","href":"https:\/\/api.w.org\/{rel}","templated":true}]}}