{"id":20,"date":"2018-05-09T14:06:52","date_gmt":"2018-05-09T17:06:52","guid":{"rendered":"http:\/\/dgospel.com.br\/portal\/?p=20"},"modified":"2018-05-09T14:06:52","modified_gmt":"2018-05-09T17:06:52","slug":"unidades-socioeducativas-realizam-programacao-especial-em-comemoracao-ao-dia-das-maes","status":"publish","type":"post","link":"https:\/\/dgospel.com.br\/portal\/index.php\/2018\/05\/09\/unidades-socioeducativas-realizam-programacao-especial-em-comemoracao-ao-dia-das-maes\/","title":{"rendered":"Unidades socioeducativas realizam programa\u00e7\u00e3o especial em comemora\u00e7\u00e3o ao Dia das M\u00e3es"},"content":{"rendered":"<p class=\"yiv8796913698MsoNormal\">Compreendendo a import\u00e2ncia da participa\u00e7\u00e3o das m\u00e3es e familiares na reinser\u00e7\u00e3o dos adolescentes em cumprimento de medida socioeducativa, a Secretaria de Estado da Cidadania e Justi\u00e7a (Seciju), por meio da Diretoria de Prote\u00e7\u00e3o do Direito da Crian\u00e7a e do Adolescente (DPDCA), viabiliza o fortalecimento dos la\u00e7os afetivos e da participa\u00e7\u00e3o familiar com uma programa\u00e7\u00e3o especial em comemora\u00e7\u00e3o ao Dia das M\u00e3es. As atividades ocorrer\u00e3o em sete unidades socioeducativas do Estado at\u00e9 domingo, dia 13.<\/p>\n<p class=\"yiv8796913698MsoNormal\">Nesta quinta, 10, haver\u00e1 programa\u00e7\u00e3o no Centro de Interna\u00e7\u00e3o provis\u00f3ria (Ceip) de Palmas e na Unidade de Semiliberdade (USL) de Gurupi, ambas incluindo a realiza\u00e7\u00e3o de apresenta\u00e7\u00f5es e almo\u00e7o com m\u00e3es dos socioeducandos. A USL de Aragua\u00edna vai comemorar a data na sexta-feira, 11, pela manh\u00e3, com palestra direcionada \u00e0s m\u00e3es e um lanche da tarde. Para finalizar a programa\u00e7\u00e3o comemorativa, no domingo, 13, na Ceip Sul de Gurupi acontecer\u00e1 um caf\u00e9-da-manh\u00e3 especial para as m\u00e3es, com apresenta\u00e7\u00f5es art\u00edsticas, culturais e momento religioso.<\/p>\n<p class=\"yiv8796913698MsoNormal\">A agenda come\u00e7ou na \u00faltima sexta-feira, 04, no Centro de Atendimento Socioeducativo (Case), em Palmas. A programa\u00e7\u00e3o foi organizada pela Escola Estadual Mundo S\u00f3cio do Saber, que funciona dentro da pr\u00f3pria unidade, e come\u00e7ou com um momento religioso seguida de uma apresenta\u00e7\u00e3o da Banda Sinf\u00f4nica Vila Uni\u00e3o e encerrado com um almo\u00e7o organizado pela equipe do Case. A USL Masculina de Palmas tamb\u00e9m realizou a programa\u00e7\u00e3o no mesmo dia.<\/p>\n<p class=\"yiv8796913698MsoNormal\">\u201cEssa a\u00e7\u00e3o que faz parte do Projeto Pol\u00edtico Pedag\u00f3gico da escola. \u00c9 uma atividade de extrema import\u00e2ncia, pois d\u00e1 oportunidade aos pais de conhecerem o espa\u00e7o e as a\u00e7\u00f5es da socioeduca\u00e7\u00e3o\u201d, disse Valdelice Ramos, diretora da Escola Estadual Mundo S\u00f3cio do Saber. J\u00e1 o Ceip Norte, em Santa F\u00e9 do Araguaia, contou com apresenta\u00e7\u00f5es dos socioeducandos em homenagem \u00e0s suas m\u00e3es e momento religioso, no \u00faltimo domingo, 06.<\/p>\n<p class=\"yiv8796913698MsoNormal\">\n","protected":false},"excerpt":{"rendered":"<p>Compreendendo a import\u00e2ncia da participa\u00e7\u00e3o das m\u00e3es e familiares na reinser\u00e7\u00e3o dos adolescentes em cumprimento de medida socioeducativa, a Secretaria de Estado da Cidadania e Justi\u00e7a (Seciju), por meio da Diretoria de Prote\u00e7\u00e3o do Direito da Crian\u00e7a e do Adolescente (DPDCA), viabiliza o fortalecimento dos la\u00e7os afetivos e da participa\u00e7\u00e3o familiar com uma programa\u00e7\u00e3o especial [&hellip;]<\/p>\n","protected":false},"author":2,"featured_media":21,"comment_status":"open","ping_status":"open","sticky":false,"template":"","format":"standard","meta":[],"categories":[2,3],"tags":[],"_links":{"self":[{"href":"https:\/\/dgospel.com.br\/portal\/index.php\/wp-json\/wp\/v2\/posts\/20"}],"collection":[{"href":"https:\/\/dgospel.com.br\/portal\/index.php\/wp-json\/wp\/v2\/posts"}],"about":[{"href":"https:\/\/dgospel.com.br\/portal\/index.php\/wp-json\/wp\/v2\/types\/post"}],"author":[{"embeddable":true,"href":"https:\/\/dgospel.com.br\/portal\/index.php\/wp-json\/wp\/v2\/users\/2"}],"replies":[{"embeddable":true,"href":"https:\/\/dgospel.com.br\/portal\/index.php\/wp-json\/wp\/v2\/comments?post=20"}],"version-history":[{"count":1,"href":"https:\/\/dgospel.com.br\/portal\/index.php\/wp-json\/wp\/v2\/posts\/20\/revisions"}],"predecessor-version":[{"id":22,"href":"https:\/\/dgospel.com.br\/portal\/index.php\/wp-json\/wp\/v2\/posts\/20\/revisions\/22"}],"wp:featuredmedia":[{"embeddable":true,"href":"https:\/\/dgospel.com.br\/portal\/index.php\/wp-json\/wp\/v2\/media\/21"}],"wp:attachment":[{"href":"https:\/\/dgospel.com.br\/portal\/index.php\/wp-json\/wp\/v2\/media?parent=20"}],"wp:term":[{"taxonomy":"category","embeddable":true,"href":"https:\/\/dgospel.com.br\/portal\/index.php\/wp-json\/wp\/v2\/categories?post=20"},{"taxonomy":"post_tag","embeddable":true,"href":"https:\/\/dgospel.com.br\/portal\/index.php\/wp-json\/wp\/v2\/tags?post=20"}],"curies":[{"name":"wp","href":"https:\/\/api.w.org\/{rel}","templated":true}]}}