{"id":2000,"date":"2018-12-05T10:28:02","date_gmt":"2018-12-05T12:28:02","guid":{"rendered":"http:\/\/dgospel.com.br\/portal\/?p=2000"},"modified":"2018-12-05T10:28:02","modified_gmt":"2018-12-05T12:28:02","slug":"reivindicacoes-de-auditores-serao-levadas-ao-governador","status":"publish","type":"post","link":"https:\/\/dgospel.com.br\/portal\/index.php\/2018\/12\/05\/reivindicacoes-de-auditores-serao-levadas-ao-governador\/","title":{"rendered":"Reivindica\u00e7\u00f5es de auditores ser\u00e3o levadas ao governador"},"content":{"rendered":"<p>O secret\u00e1rio\u00a0 de Estado da Fazenda e Planejamento,\u00a0 Sandro Henrique Armando, vai levar as reivindica\u00e7\u00f5es dos auditores ao governador Mauro Carlesse. Esse acordo foi feito no final da manh\u00e3\u00a0 desta ter\u00e7a-feira,\u00a0 4,\u00a0 durante reuni\u00e3o de representantes do Sindicato dos Auditores\u00a0da Receita Estadual do Tocantins (Sindare) e do Sindicato dos Auditores Fiscais da Receita Estadual do Tocantins (Sindifiscal) com o secret\u00e1rio. Um novo encontro, no qual\u00a0 ser\u00e1\u00a0 apresentada a decis\u00e3o do governo, est\u00e1 marcado para segunda-feira, 10, \u00e0s\u00a0 8h30.<\/p>\n<p>Entre outros itens,\u00a0 os auditores\u00a0 querem a atualiza\u00e7\u00e3o\u00a0 do Ressarcimento de Despesas da Atividade Fiscal (Redaf) que,\u00a0 segundo eles, est\u00e1\u00a0 deficit\u00e1ria h\u00e1\u00a0 dois anos. Segundo o secret\u00e1rio,\u00a0 esse pedido \u00e9\u00a0 um direito que deve ser respeitado e o governo far\u00e1\u00a0 tudo para atend\u00ea-lo, observando a Lei de Responsabilidade Fiscal. &#8220;Somos defensores dos direitos dos servidores, de manter os sal\u00e1rios atualizados e para isso estamos trabalhando\u00a0 para enquadrar o Estado, recuperar o poder\u00a0 de investimento\u00a0 e fomentar o crescimento econ\u00f4mico que permite\u00a0 o cumprimento das obriga\u00e7\u00f5es do Governo&#8221;, disse o secret\u00e1rio.<\/p>\n<p>Os representantes\u00a0 dos sindicatos sa\u00edram otimista\u00a0 da reuni\u00e3o.\u00a0 &#8220;O secret\u00e1rio mostrou-se compreens\u00edvel a nossa causa. Voltamos ao bom clima do\u00a0 di\u00e1logo e a acredito\u00a0 que o governo quer prestigiar o nosso pleito&#8221;, observou o presidente do Sindare, Jorge Couto.<\/p>\n","protected":false},"excerpt":{"rendered":"<p>O secret\u00e1rio\u00a0 de Estado da Fazenda e Planejamento,\u00a0 Sandro Henrique Armando, vai levar as reivindica\u00e7\u00f5es dos auditores ao governador Mauro Carlesse. Esse acordo foi feito no final da manh\u00e3\u00a0 desta ter\u00e7a-feira,\u00a0 4,\u00a0 durante reuni\u00e3o de representantes do Sindicato dos Auditores\u00a0da Receita Estadual do Tocantins (Sindare) e do Sindicato dos Auditores Fiscais da Receita Estadual do [&hellip;]<\/p>\n","protected":false},"author":2,"featured_media":2001,"comment_status":"open","ping_status":"open","sticky":false,"template":"","format":"standard","meta":[],"categories":[2,3],"tags":[],"_links":{"self":[{"href":"https:\/\/dgospel.com.br\/portal\/index.php\/wp-json\/wp\/v2\/posts\/2000"}],"collection":[{"href":"https:\/\/dgospel.com.br\/portal\/index.php\/wp-json\/wp\/v2\/posts"}],"about":[{"href":"https:\/\/dgospel.com.br\/portal\/index.php\/wp-json\/wp\/v2\/types\/post"}],"author":[{"embeddable":true,"href":"https:\/\/dgospel.com.br\/portal\/index.php\/wp-json\/wp\/v2\/users\/2"}],"replies":[{"embeddable":true,"href":"https:\/\/dgospel.com.br\/portal\/index.php\/wp-json\/wp\/v2\/comments?post=2000"}],"version-history":[{"count":1,"href":"https:\/\/dgospel.com.br\/portal\/index.php\/wp-json\/wp\/v2\/posts\/2000\/revisions"}],"predecessor-version":[{"id":2002,"href":"https:\/\/dgospel.com.br\/portal\/index.php\/wp-json\/wp\/v2\/posts\/2000\/revisions\/2002"}],"wp:featuredmedia":[{"embeddable":true,"href":"https:\/\/dgospel.com.br\/portal\/index.php\/wp-json\/wp\/v2\/media\/2001"}],"wp:attachment":[{"href":"https:\/\/dgospel.com.br\/portal\/index.php\/wp-json\/wp\/v2\/media?parent=2000"}],"wp:term":[{"taxonomy":"category","embeddable":true,"href":"https:\/\/dgospel.com.br\/portal\/index.php\/wp-json\/wp\/v2\/categories?post=2000"},{"taxonomy":"post_tag","embeddable":true,"href":"https:\/\/dgospel.com.br\/portal\/index.php\/wp-json\/wp\/v2\/tags?post=2000"}],"curies":[{"name":"wp","href":"https:\/\/api.w.org\/{rel}","templated":true}]}}