{"id":20000,"date":"2024-07-09T10:51:42","date_gmt":"2024-07-09T13:51:42","guid":{"rendered":"https:\/\/dgospel.com.br\/portal\/?p=20000"},"modified":"2024-07-09T10:51:43","modified_gmt":"2024-07-09T13:51:43","slug":"milei-quando-alguem-deixa-de-ser-pobre-o-socialismo-perde-um-cliente","status":"publish","type":"post","link":"https:\/\/dgospel.com.br\/portal\/index.php\/2024\/07\/09\/milei-quando-alguem-deixa-de-ser-pobre-o-socialismo-perde-um-cliente\/","title":{"rendered":"Milei: \u201cQuando algu\u00e9m deixa de ser pobre, o socialismo perde um cliente\u201d"},"content":{"rendered":"\n<p>Neste domingo (7), o presidente da Argentina, Javier Milei, discursou contra o socialismo durante a quinta edi\u00e7\u00e3o da Confer\u00eancia de Pol\u00edtica A\u00e7\u00e3o e Conservadora (CPAC Brasil), que aconteceu neste final de semana na cidade de Balne\u00e1rio Cambori\u00fa, em Santa Catarina.<\/p>\n\n\n\n<p>O pol\u00edtico criticou os governos socialistas que dominaram a Am\u00e9rica Latina nas \u00faltimas d\u00e9cadas, dizendo que eles querem \u201co poder pelo poder\u201d.<\/p>\n\n\n\n<p>\u2013 [Esses governos] Constituem uma receita do desastre econ\u00f4mico, social, pol\u00edtico e cultural. Uma rela\u00e7\u00e3o de causalidade entre esses dois elementos n\u00e3o \u00e9 coincid\u00eancia \u2013 declarou.<\/p>\n\n\n\n<p>Em outra parte do discurso, ele criticou a perpetua\u00e7\u00e3o da pobreza da popula\u00e7\u00e3o, citando que as fam\u00edlias dos presidentes Nicol\u00e1s Maduro e do pr\u00f3prio presidente Lula s\u00e3o milion\u00e1rias.<\/p>\n\n\n\n<p>\u2013 Quando algu\u00e9m deixa de ser pobre, o socialismo perde um cliente \u2013 criticou Milei, sendo aplaudido.<\/p>\n\n\n\n<p>Ainda falando sobre a Am\u00e9rica Latina, Javier Milei citou Cuba, Nicar\u00e1gua e Venezuela como exemplos de \u201cditaduras sanguin\u00e1rias\u201d.<\/p>\n\n\n\n<p><strong>Assista:<\/strong><\/p>\n\n\n\n<figure class=\"wp-block-embed is-type-video is-provider-youtube wp-block-embed-youtube wp-embed-aspect-16-9 wp-has-aspect-ratio\"><div class=\"wp-block-embed__wrapper\">\n<iframe loading=\"lazy\" title=\"\ud83d\udd34 AO VIVO: CPAC BRASIL - O MAIOR EVENTO CONSERVADOR DO MUNDO!\" width=\"630\" height=\"354\" src=\"https:\/\/www.youtube.com\/embed\/uCCafoZHWzM?start=27716&#038;feature=oembed\" frameborder=\"0\" allow=\"accelerometer; autoplay; clipboard-write; encrypted-media; gyroscope; picture-in-picture; web-share\" referrerpolicy=\"strict-origin-when-cross-origin\" allowfullscreen><\/iframe>\n<\/div><\/figure>\n\n\n\n<p><\/p>\n\n\n\n<p><\/p>\n","protected":false},"excerpt":{"rendered":"<p>Neste domingo (7), o presidente da Argentina, Javier Milei, discursou contra o socialismo durante a quinta edi\u00e7\u00e3o da Confer\u00eancia de Pol\u00edtica A\u00e7\u00e3o e Conservadora (CPAC Brasil), que aconteceu neste final de semana na cidade de Balne\u00e1rio Cambori\u00fa, em Santa Catarina. O pol\u00edtico criticou os governos socialistas que dominaram a Am\u00e9rica Latina nas \u00faltimas d\u00e9cadas, dizendo [&hellip;]<\/p>\n","protected":false},"author":2,"featured_media":20001,"comment_status":"open","ping_status":"open","sticky":false,"template":"","format":"standard","meta":[],"categories":[12,16],"tags":[],"_links":{"self":[{"href":"https:\/\/dgospel.com.br\/portal\/index.php\/wp-json\/wp\/v2\/posts\/20000"}],"collection":[{"href":"https:\/\/dgospel.com.br\/portal\/index.php\/wp-json\/wp\/v2\/posts"}],"about":[{"href":"https:\/\/dgospel.com.br\/portal\/index.php\/wp-json\/wp\/v2\/types\/post"}],"author":[{"embeddable":true,"href":"https:\/\/dgospel.com.br\/portal\/index.php\/wp-json\/wp\/v2\/users\/2"}],"replies":[{"embeddable":true,"href":"https:\/\/dgospel.com.br\/portal\/index.php\/wp-json\/wp\/v2\/comments?post=20000"}],"version-history":[{"count":1,"href":"https:\/\/dgospel.com.br\/portal\/index.php\/wp-json\/wp\/v2\/posts\/20000\/revisions"}],"predecessor-version":[{"id":20002,"href":"https:\/\/dgospel.com.br\/portal\/index.php\/wp-json\/wp\/v2\/posts\/20000\/revisions\/20002"}],"wp:featuredmedia":[{"embeddable":true,"href":"https:\/\/dgospel.com.br\/portal\/index.php\/wp-json\/wp\/v2\/media\/20001"}],"wp:attachment":[{"href":"https:\/\/dgospel.com.br\/portal\/index.php\/wp-json\/wp\/v2\/media?parent=20000"}],"wp:term":[{"taxonomy":"category","embeddable":true,"href":"https:\/\/dgospel.com.br\/portal\/index.php\/wp-json\/wp\/v2\/categories?post=20000"},{"taxonomy":"post_tag","embeddable":true,"href":"https:\/\/dgospel.com.br\/portal\/index.php\/wp-json\/wp\/v2\/tags?post=20000"}],"curies":[{"name":"wp","href":"https:\/\/api.w.org\/{rel}","templated":true}]}}