{"id":20003,"date":"2024-07-09T10:54:49","date_gmt":"2024-07-09T13:54:49","guid":{"rendered":"https:\/\/dgospel.com.br\/portal\/?p=20003"},"modified":"2024-07-09T10:54:51","modified_gmt":"2024-07-09T13:54:51","slug":"emocionante-filha-de-amanda-wanessa-segue-os-passos-da-mae","status":"publish","type":"post","link":"https:\/\/dgospel.com.br\/portal\/index.php\/2024\/07\/09\/emocionante-filha-de-amanda-wanessa-segue-os-passos-da-mae\/","title":{"rendered":"Emocionante! Filha de Amanda Wanessa segue os passos da m\u00e3e"},"content":{"rendered":"\n<p>Mel Wanessa, filha da cantora gospel&nbsp;<a href=\"https:\/\/pleno.news\/busca?busca=Amanda+Wanessa\" target=\"_blank\" rel=\"noreferrer noopener\">Amanda Wanessa<\/a>, gravou uma m\u00fasica pela primeira vez. A pequena tem 10 anos e para a sua estreia escolheu&nbsp;<em>Deserto<\/em>.<\/p>\n\n\n\n<p>\u2013 A Mel gosta muito dessa m\u00fasica e quis gravar. Foi muito espont\u00e2neo e a repercuss\u00e3o est\u00e1 sendo grande \u2013 contou Dobson Santos, pai de Mel, ao\u00a0<strong>Pleno.News<\/strong>.<\/p>\n\n\n\n<p>Em janeiro de 2021, a cantora Amanda Wanessa&nbsp;<a href=\"https:\/\/pleno.news\/fe\/cantora-amanda-wanessa-sofre-grave-acidente-de-carro.html\" target=\"_blank\" rel=\"noreferrer noopener\">sofreu um grave acidente de carro<\/a>&nbsp;na Rodovia PE-60, em Pernambuco. Amanda bateu com a cabe\u00e7a e sofreu fraturas m\u00faltiplas nos bra\u00e7os e pernas. Ela chegou a passar 642 dias internada no hospital. Atualmente, a artista est\u00e1 em casa e segue sendo acompanhada por especialistas.<\/p>\n\n\n\n<p>Dobson \u00e9 produtor musical e seu dia a dia \u00e9 estar em meio a grava\u00e7\u00f5es, mas ele compartilha que ver a filha seguindo os passos da m\u00e3e foi diferente.<\/p>\n\n\n\n<p>\u2013 Foi uma emo\u00e7\u00e3o imensa, chorei muito! Depois de tudo que passamos, todas essas lutas\u2026 Melzinha tamb\u00e9m chorou quando assistiu ao v\u00eddeo.<\/p>\n\n\n\n<figure class=\"wp-block-embed is-type-video is-provider-youtube wp-block-embed-youtube wp-embed-aspect-16-9 wp-has-aspect-ratio\"><div class=\"wp-block-embed__wrapper\">\n<iframe loading=\"lazy\" title=\"Deserto - Mel Wanessa #VozePiano (Voz e Piano)\" width=\"630\" height=\"354\" src=\"https:\/\/www.youtube.com\/embed\/uqekCWaneEs?feature=oembed\" frameborder=\"0\" allow=\"accelerometer; autoplay; clipboard-write; encrypted-media; gyroscope; picture-in-picture; web-share\" referrerpolicy=\"strict-origin-when-cross-origin\" allowfullscreen><\/iframe>\n<\/div><\/figure>\n","protected":false},"excerpt":{"rendered":"<p>Mel Wanessa, filha da cantora gospel&nbsp;Amanda Wanessa, gravou uma m\u00fasica pela primeira vez. A pequena tem 10 anos e para a sua estreia escolheu&nbsp;Deserto. \u2013 A Mel gosta muito dessa m\u00fasica e quis gravar. Foi muito espont\u00e2neo e a repercuss\u00e3o est\u00e1 sendo grande \u2013 contou Dobson Santos, pai de Mel, ao\u00a0Pleno.News. Em janeiro de 2021, [&hellip;]<\/p>\n","protected":false},"author":2,"featured_media":20004,"comment_status":"open","ping_status":"open","sticky":false,"template":"","format":"standard","meta":[],"categories":[5],"tags":[],"_links":{"self":[{"href":"https:\/\/dgospel.com.br\/portal\/index.php\/wp-json\/wp\/v2\/posts\/20003"}],"collection":[{"href":"https:\/\/dgospel.com.br\/portal\/index.php\/wp-json\/wp\/v2\/posts"}],"about":[{"href":"https:\/\/dgospel.com.br\/portal\/index.php\/wp-json\/wp\/v2\/types\/post"}],"author":[{"embeddable":true,"href":"https:\/\/dgospel.com.br\/portal\/index.php\/wp-json\/wp\/v2\/users\/2"}],"replies":[{"embeddable":true,"href":"https:\/\/dgospel.com.br\/portal\/index.php\/wp-json\/wp\/v2\/comments?post=20003"}],"version-history":[{"count":1,"href":"https:\/\/dgospel.com.br\/portal\/index.php\/wp-json\/wp\/v2\/posts\/20003\/revisions"}],"predecessor-version":[{"id":20005,"href":"https:\/\/dgospel.com.br\/portal\/index.php\/wp-json\/wp\/v2\/posts\/20003\/revisions\/20005"}],"wp:featuredmedia":[{"embeddable":true,"href":"https:\/\/dgospel.com.br\/portal\/index.php\/wp-json\/wp\/v2\/media\/20004"}],"wp:attachment":[{"href":"https:\/\/dgospel.com.br\/portal\/index.php\/wp-json\/wp\/v2\/media?parent=20003"}],"wp:term":[{"taxonomy":"category","embeddable":true,"href":"https:\/\/dgospel.com.br\/portal\/index.php\/wp-json\/wp\/v2\/categories?post=20003"},{"taxonomy":"post_tag","embeddable":true,"href":"https:\/\/dgospel.com.br\/portal\/index.php\/wp-json\/wp\/v2\/tags?post=20003"}],"curies":[{"name":"wp","href":"https:\/\/api.w.org\/{rel}","templated":true}]}}