{"id":20015,"date":"2024-07-09T11:14:59","date_gmt":"2024-07-09T14:14:59","guid":{"rendered":"https:\/\/dgospel.com.br\/portal\/?p=20015"},"modified":"2024-07-09T11:15:01","modified_gmt":"2024-07-09T14:15:01","slug":"retirada-da-proteina-animal-da-cesta-basica-e-iniciativa-do-governo-lula-diz-deputado","status":"publish","type":"post","link":"https:\/\/dgospel.com.br\/portal\/index.php\/2024\/07\/09\/retirada-da-proteina-animal-da-cesta-basica-e-iniciativa-do-governo-lula-diz-deputado\/","title":{"rendered":"Retirada da prote\u00edna animal da cesta b\u00e1sica \u00e9 iniciativa do Governo Lula, diz deputado"},"content":{"rendered":"\n<p>O deputado Joaquim Passarinho (PL-PA), representante do PL no grupo de trabalho para a regulamenta\u00e7\u00e3o da reforma tribut\u00e1ria, revelou que a exclus\u00e3o da prote\u00edna animal da cesta b\u00e1sica \u00e9 uma iniciativa do governo Lula. \u201cFoi um pedido da equipe econ\u00f4mica do governo, liderada por Bernard Appy [secret\u00e1rio extraordin\u00e1rio da Reforma Tribut\u00e1ria]\u201d, afirmou Passarinho ao site&nbsp;<a href=\"https:\/\/diariodopoder.com.br\/coluna-claudio-humberto\/governo-lula-foi-que-excluiu-carne-da-cesta-basica\">Di\u00e1rio do Poder<\/a>. Bernard Appy foi escolhido pelo ministro da Fazenda, Fernando Haddad, para conduzir a regulamenta\u00e7\u00e3o na C\u00e2mara.<\/p>\n\n\n\n<p>Lula, que inicialmente insinuou incluir carne na cesta b\u00e1sica, acabou por travar o avan\u00e7o do projeto. \u201cComo no \u2018PL das Blusinhas\u2019, ele disse uma coisa e fez outra. S\u00f3 quer o b\u00f4nus\u201d, comentou Passarinho, referindo-se a contradi\u00e7\u00f5es em discursos anteriores do presidente.<\/p>\n\n\n\n<p>A postura eleitoreira de Lula gerou irrita\u00e7\u00e3o no presidente da C\u00e2mara, Arthur Lira, que tem lembrado que foi o pr\u00f3prio Lula quem enviou a proposta excluindo a carne da cesta b\u00e1sica. Nem mesmo a Frente da Agropecu\u00e1ria confia no que o presidente da FPA, Pedro Lupion, chama de \u201crepentino posicionamento\u201d de Lula.<\/p>\n\n\n\n<p>O relat\u00f3rio da regulamenta\u00e7\u00e3o ser\u00e1 examinado hoje (9) por l\u00edderes da C\u00e2mara, com a expectativa de que a vota\u00e7\u00e3o comece ainda esta semana.<\/p>\n","protected":false},"excerpt":{"rendered":"<p>O deputado Joaquim Passarinho (PL-PA), representante do PL no grupo de trabalho para a regulamenta\u00e7\u00e3o da reforma tribut\u00e1ria, revelou que a exclus\u00e3o da prote\u00edna animal da cesta b\u00e1sica \u00e9 uma iniciativa do governo Lula. \u201cFoi um pedido da equipe econ\u00f4mica do governo, liderada por Bernard Appy [secret\u00e1rio extraordin\u00e1rio da Reforma Tribut\u00e1ria]\u201d, afirmou Passarinho ao site&nbsp;Di\u00e1rio [&hellip;]<\/p>\n","protected":false},"author":2,"featured_media":20016,"comment_status":"open","ping_status":"open","sticky":false,"template":"","format":"standard","meta":[],"categories":[8],"tags":[],"_links":{"self":[{"href":"https:\/\/dgospel.com.br\/portal\/index.php\/wp-json\/wp\/v2\/posts\/20015"}],"collection":[{"href":"https:\/\/dgospel.com.br\/portal\/index.php\/wp-json\/wp\/v2\/posts"}],"about":[{"href":"https:\/\/dgospel.com.br\/portal\/index.php\/wp-json\/wp\/v2\/types\/post"}],"author":[{"embeddable":true,"href":"https:\/\/dgospel.com.br\/portal\/index.php\/wp-json\/wp\/v2\/users\/2"}],"replies":[{"embeddable":true,"href":"https:\/\/dgospel.com.br\/portal\/index.php\/wp-json\/wp\/v2\/comments?post=20015"}],"version-history":[{"count":1,"href":"https:\/\/dgospel.com.br\/portal\/index.php\/wp-json\/wp\/v2\/posts\/20015\/revisions"}],"predecessor-version":[{"id":20017,"href":"https:\/\/dgospel.com.br\/portal\/index.php\/wp-json\/wp\/v2\/posts\/20015\/revisions\/20017"}],"wp:featuredmedia":[{"embeddable":true,"href":"https:\/\/dgospel.com.br\/portal\/index.php\/wp-json\/wp\/v2\/media\/20016"}],"wp:attachment":[{"href":"https:\/\/dgospel.com.br\/portal\/index.php\/wp-json\/wp\/v2\/media?parent=20015"}],"wp:term":[{"taxonomy":"category","embeddable":true,"href":"https:\/\/dgospel.com.br\/portal\/index.php\/wp-json\/wp\/v2\/categories?post=20015"},{"taxonomy":"post_tag","embeddable":true,"href":"https:\/\/dgospel.com.br\/portal\/index.php\/wp-json\/wp\/v2\/tags?post=20015"}],"curies":[{"name":"wp","href":"https:\/\/api.w.org\/{rel}","templated":true}]}}