{"id":20025,"date":"2024-07-11T11:53:15","date_gmt":"2024-07-11T14:53:15","guid":{"rendered":"https:\/\/dgospel.com.br\/portal\/?p=20025"},"modified":"2024-07-11T11:53:16","modified_gmt":"2024-07-11T14:53:16","slug":"apos-pressao-do-agro-e-recuo-de-lira-carne-foi-incluida-na-cesta","status":"publish","type":"post","link":"https:\/\/dgospel.com.br\/portal\/index.php\/2024\/07\/11\/apos-pressao-do-agro-e-recuo-de-lira-carne-foi-incluida-na-cesta\/","title":{"rendered":"Ap\u00f3s press\u00e3o do agro e recuo de Lira, carne foi inclu\u00edda na cesta"},"content":{"rendered":"\n<p>A inclus\u00e3o das prote\u00ednas animais na cesta b\u00e1sica isenta de impostos \u2013 um dos assuntos mais discutidos na regulamenta\u00e7\u00e3o da reforma tribut\u00e1ria \u2013 s\u00f3 se tornou realidade ap\u00f3s a press\u00e3o da bancada do agro e um recuo considerado raro do presidente da C\u00e2mara dos Deputados,&nbsp;<a href=\"http:\/\/pleno.news\/tag\/arthur-lira\" target=\"_blank\" rel=\"noreferrer noopener\">Arthur Lira<\/a>&nbsp;(PP-AL).<\/p>\n\n\n\n<p>O que aconteceu \u00e9 que Lira defendia que a inclus\u00e3o das prote\u00ednas poderia extrapolar a al\u00edquota total prevista pelo Minist\u00e9rio da Fazenda. Por\u00e9m, o pol\u00edtico n\u00e3o conseguiu apoio suficiente para levar seu posicionamento em frente e teve de ceder diante da press\u00e3o exercida, principalmente, pela Frente Parlamentar da Agropecu\u00e1ria (FPA).<\/p>\n\n\n\n<p>A virada de chave come\u00e7ou quando a bancada do agro manifestou que votaria contra o presidente da C\u00e2mara. O posicionamento se fortaleceu ap\u00f3s a frente parlamentar receber apoio do Partido Liberal (PL), maior bancada da Casa, que apresentou o destaque do imposto zero para a carne. Diante desse quadro, Lira recuou.<\/p>\n\n\n\n<p>O deputado federal Pedro Lupion (PP-PR), presidente da FPA, estimava que, mesmo sem o apoio do presidente da Casa, a aprova\u00e7\u00e3o da isen\u00e7\u00e3o teria pelo menos 400 votos, bem acima dos 257 necess\u00e1rios. No final, o destaque do PL para incluir a carne na cesta b\u00e1sica recebeu 477 votos favor\u00e1veis e somente tr\u00eas contr\u00e1rios.<\/p>\n\n\n\n<p>Ao comentar o resultado, o presidente da bancada do agro afirmou que a inclus\u00e3o das prote\u00ednas animais na cesta b\u00e1sica isenta de impostos da reforma tribut\u00e1ria refletiu a vontade da maioria do Congresso.<\/p>\n\n\n\n<p>\u2013 Esse era o ponto principal para a bancada. Aplaudimos a decis\u00e3o pol\u00edtica do relator que evitou disputa ruim no Plen\u00e1rio. A maioria dos l\u00edderes fez contas e viu que haveria maioria favor\u00e1vel \u00e0 inclus\u00e3o, muito superior aos 257 votos necess\u00e1rios \u2013 afirmou Lupion, em coletiva de imprensa, ap\u00f3s aprova\u00e7\u00e3o da regulamenta\u00e7\u00e3o da reforma.<\/p>\n\n\n\n<p>Lupion lembrou que realmente n\u00e3o houve entendimento sobre a inclus\u00e3o das carnes na cesta b\u00e1sica isenta com o presidente da C\u00e2mara, Arthur Lira (PP-AL), mas que ele concordou com a inclus\u00e3o na reta final no Plen\u00e1rio em virtude da vontade da maioria favor\u00e1vel da Casa.<\/p>\n\n\n\n<p>\u2013 O presidente Lira assumiu papel de articulador neste tema e nunca deixou de nos ouvir, muitas vezes sem concordar com nossos pleitos. Nossa pauta foi plenamente atendida \u2013 completou.<\/p>\n\n\n\n<p>*Com informa\u00e7\u00f5es AE<\/p>\n","protected":false},"excerpt":{"rendered":"<p>A inclus\u00e3o das prote\u00ednas animais na cesta b\u00e1sica isenta de impostos \u2013 um dos assuntos mais discutidos na regulamenta\u00e7\u00e3o da reforma tribut\u00e1ria \u2013 s\u00f3 se tornou realidade ap\u00f3s a press\u00e3o da bancada do agro e um recuo considerado raro do presidente da C\u00e2mara dos Deputados,&nbsp;Arthur Lira&nbsp;(PP-AL). O que aconteceu \u00e9 que Lira defendia que a [&hellip;]<\/p>\n","protected":false},"author":2,"featured_media":20026,"comment_status":"open","ping_status":"open","sticky":false,"template":"","format":"standard","meta":[],"categories":[12,10],"tags":[],"_links":{"self":[{"href":"https:\/\/dgospel.com.br\/portal\/index.php\/wp-json\/wp\/v2\/posts\/20025"}],"collection":[{"href":"https:\/\/dgospel.com.br\/portal\/index.php\/wp-json\/wp\/v2\/posts"}],"about":[{"href":"https:\/\/dgospel.com.br\/portal\/index.php\/wp-json\/wp\/v2\/types\/post"}],"author":[{"embeddable":true,"href":"https:\/\/dgospel.com.br\/portal\/index.php\/wp-json\/wp\/v2\/users\/2"}],"replies":[{"embeddable":true,"href":"https:\/\/dgospel.com.br\/portal\/index.php\/wp-json\/wp\/v2\/comments?post=20025"}],"version-history":[{"count":1,"href":"https:\/\/dgospel.com.br\/portal\/index.php\/wp-json\/wp\/v2\/posts\/20025\/revisions"}],"predecessor-version":[{"id":20027,"href":"https:\/\/dgospel.com.br\/portal\/index.php\/wp-json\/wp\/v2\/posts\/20025\/revisions\/20027"}],"wp:featuredmedia":[{"embeddable":true,"href":"https:\/\/dgospel.com.br\/portal\/index.php\/wp-json\/wp\/v2\/media\/20026"}],"wp:attachment":[{"href":"https:\/\/dgospel.com.br\/portal\/index.php\/wp-json\/wp\/v2\/media?parent=20025"}],"wp:term":[{"taxonomy":"category","embeddable":true,"href":"https:\/\/dgospel.com.br\/portal\/index.php\/wp-json\/wp\/v2\/categories?post=20025"},{"taxonomy":"post_tag","embeddable":true,"href":"https:\/\/dgospel.com.br\/portal\/index.php\/wp-json\/wp\/v2\/tags?post=20025"}],"curies":[{"name":"wp","href":"https:\/\/api.w.org\/{rel}","templated":true}]}}