{"id":2003,"date":"2018-12-05T10:30:58","date_gmt":"2018-12-05T12:30:58","guid":{"rendered":"http:\/\/dgospel.com.br\/portal\/?p=2003"},"modified":"2018-12-05T10:30:58","modified_gmt":"2018-12-05T12:30:58","slug":"chefes-de-poderes-retomam-debate-visando-a-reducao-de-despesas","status":"publish","type":"post","link":"https:\/\/dgospel.com.br\/portal\/index.php\/2018\/12\/05\/chefes-de-poderes-retomam-debate-visando-a-reducao-de-despesas\/","title":{"rendered":"Chefes de Poderes retomam debate visando a redu\u00e7\u00e3o de despesas"},"content":{"rendered":"<div class=\"container margin-top\">\n<div class=\"row\">\n<div class=\"col-sm-10\">\n<div id=\"conteudo\" class=\"row\">\n<div class=\"col-lg-9\">\n<article>\n<div>\n<p>A segunda reuni\u00e3o entre os chefes de poderes realizada nesta ter\u00e7a-feira, 4, no gabinete do Governador, no Pal\u00e1cio Araguaia, teve como pauta a redu\u00e7\u00e3o de despesas, tanto de pessoal quanto de custeio, em todos os poderes e institui\u00e7\u00f5es. Os representantes apresentaram as a\u00e7\u00f5es que j\u00e1 est\u00e3o sendo desenvolvidas visando \u00e0 diminui\u00e7\u00e3o de gastos.<\/p>\n<p>O governador Mauro Carlesse reafirmou o esfor\u00e7o que o Governo do Estado vem fazendo para a redu\u00e7\u00e3o de gastos, visando o equil\u00edbrio das contas p\u00fablicas. \u201cS\u00f3 tem um caminho. \u00c9 a diminui\u00e7\u00e3o das despesas para que possamos pagar os servidores em dia, repassar o duod\u00e9cimo em dia e recuperar a capacidade de investimento do Estado\u201d, afirmou.<\/p>\n<p>O Poder Executivo apresentou aos integrantes do Comit\u00ea a minuta de um termo de coopera\u00e7\u00e3o t\u00e9cnica propiciando que poderes e institui\u00e7\u00f5es participantes do Comit\u00ea possam compartilhar informa\u00e7\u00f5es e, tamb\u00e9m, construir conjuntamente um plano estrat\u00e9gico visando \u00e0 redu\u00e7\u00e3o de gastos em todos os entes do Estado.<\/p>\n<p>J\u00e1 na pr\u00f3xima sexta-feira, 7, t\u00e9cnicos de todos os poderes come\u00e7ar\u00e3o as discuss\u00f5es com o objetivo da elabora\u00e7\u00e3o de um plano conjunto com propostas de curto, m\u00e9dio e longo prazo, direcionado ao equil\u00edbrio dos gastos p\u00fablicos com a realidade financeira do Estado.<\/p>\n<p><strong>Participantes<\/strong><\/p>\n<p>Al\u00e9m do governador Mauro Carlesse, participaram desta reuni\u00e3o a presidente da Assembleia Legislativa, deputada Luana Ribeiro; o presidente do Tribunal de Justi\u00e7a, desembargador Eur\u00edpedes Lamounier; o procurador geral de Justi\u00e7a, Jos\u00e9 Omar de Almeida Junior; o defensor-p\u00fablico geral, Murilo da Costa Machado, e o defensor-p\u00fablico geral nomeado, F\u00e1bio Monteiro dos Santos; o secret\u00e1rio da Fazenda e Planejamento, Sandro Henrique Armando; o secret\u00e1rio-chefe da Casa Civil, Rolf Vidal; e o secret\u00e1rio da Administra\u00e7\u00e3o, Edson Cabral, al\u00e9m de t\u00e9cnicos de todos os poderes.<\/p>\n<\/div>\n<\/article>\n<\/div>\n<div class=\"col-lg-3\"><\/div>\n<\/div>\n<\/div>\n<\/div>\n<\/div>\n<p>&nbsp;<\/p>\n","protected":false},"excerpt":{"rendered":"<p>A segunda reuni\u00e3o entre os chefes de poderes realizada nesta ter\u00e7a-feira, 4, no gabinete do Governador, no Pal\u00e1cio Araguaia, teve como pauta a redu\u00e7\u00e3o de despesas, tanto de pessoal quanto de custeio, em todos os poderes e institui\u00e7\u00f5es. Os representantes apresentaram as a\u00e7\u00f5es que j\u00e1 est\u00e3o sendo desenvolvidas visando \u00e0 diminui\u00e7\u00e3o de gastos. O governador [&hellip;]<\/p>\n","protected":false},"author":2,"featured_media":2004,"comment_status":"open","ping_status":"open","sticky":false,"template":"","format":"standard","meta":[],"categories":[2,3],"tags":[],"_links":{"self":[{"href":"https:\/\/dgospel.com.br\/portal\/index.php\/wp-json\/wp\/v2\/posts\/2003"}],"collection":[{"href":"https:\/\/dgospel.com.br\/portal\/index.php\/wp-json\/wp\/v2\/posts"}],"about":[{"href":"https:\/\/dgospel.com.br\/portal\/index.php\/wp-json\/wp\/v2\/types\/post"}],"author":[{"embeddable":true,"href":"https:\/\/dgospel.com.br\/portal\/index.php\/wp-json\/wp\/v2\/users\/2"}],"replies":[{"embeddable":true,"href":"https:\/\/dgospel.com.br\/portal\/index.php\/wp-json\/wp\/v2\/comments?post=2003"}],"version-history":[{"count":1,"href":"https:\/\/dgospel.com.br\/portal\/index.php\/wp-json\/wp\/v2\/posts\/2003\/revisions"}],"predecessor-version":[{"id":2005,"href":"https:\/\/dgospel.com.br\/portal\/index.php\/wp-json\/wp\/v2\/posts\/2003\/revisions\/2005"}],"wp:featuredmedia":[{"embeddable":true,"href":"https:\/\/dgospel.com.br\/portal\/index.php\/wp-json\/wp\/v2\/media\/2004"}],"wp:attachment":[{"href":"https:\/\/dgospel.com.br\/portal\/index.php\/wp-json\/wp\/v2\/media?parent=2003"}],"wp:term":[{"taxonomy":"category","embeddable":true,"href":"https:\/\/dgospel.com.br\/portal\/index.php\/wp-json\/wp\/v2\/categories?post=2003"},{"taxonomy":"post_tag","embeddable":true,"href":"https:\/\/dgospel.com.br\/portal\/index.php\/wp-json\/wp\/v2\/tags?post=2003"}],"curies":[{"name":"wp","href":"https:\/\/api.w.org\/{rel}","templated":true}]}}