{"id":20031,"date":"2024-07-11T12:10:21","date_gmt":"2024-07-11T15:10:21","guid":{"rendered":"https:\/\/dgospel.com.br\/portal\/?p=20031"},"modified":"2024-07-11T12:10:22","modified_gmt":"2024-07-11T15:10:22","slug":"governo-do-tocantins-e-conservacao-internacional-do-brasil-firmam-cooperacao-tecnica-para-acoes-conjuntas-da-agenda-climatica-do-estado","status":"publish","type":"post","link":"https:\/\/dgospel.com.br\/portal\/index.php\/2024\/07\/11\/governo-do-tocantins-e-conservacao-internacional-do-brasil-firmam-cooperacao-tecnica-para-acoes-conjuntas-da-agenda-climatica-do-estado\/","title":{"rendered":"Governo do Tocantins e Conserva\u00e7\u00e3o Internacional do Brasil firmam coopera\u00e7\u00e3o t\u00e9cnica para a\u00e7\u00f5es conjuntas da agenda clim\u00e1tica do Estado"},"content":{"rendered":"\n<p>O Governo do Tocantins, por interm\u00e9dio da Secretaria do Meio Ambiente e Recursos H\u00eddricos (Semarh), assinou nesta quarta-feira, 10, o Acordo de Coopera\u00e7\u00e3o T\u00e9cnica (ACT) com a Conserva\u00e7\u00e3o Internacional do Brasil (CI-Brasil), para implementa\u00e7\u00e3o de a\u00e7\u00f5es conjuntas em prol do fortalecimento das agendas de produ\u00e7\u00e3o, conserva\u00e7\u00e3o, restaura\u00e7\u00e3o e economia positiva para o clima.<\/p>\n\n\n\n<p>Com o objetivo de implementar a\u00e7\u00f5es conjuntas que podem contribuir com a redu\u00e7\u00e3o das emiss\u00f5es de carbono nas atividades no \u00e2mbito do programa de REDD+ Jurisdicional do Estado, que posiciona o Tocantins como pioneiro no Brasil em n\u00edvel subnacional para&nbsp; remunera\u00e7\u00e3o de esfor\u00e7os de redu\u00e7\u00e3o de emiss\u00f5es e conserva\u00e7\u00e3o de estoques de carbono; al\u00e9m da conserva\u00e7\u00e3o de ativos ambientais, incluindo corpos h\u00eddricos e remanescentes dos biomas Cerrado e Amaz\u00f4nia no Tocantins. O acordo formalizado tem vig\u00eancia de tr\u00eas anos, com um plano de trabalho e aprovado por ambas as partes celebrantes do termo.&nbsp;<\/p>\n\n\n\n<p>O secret\u00e1rio de Estado do Meio Ambiente e Recursos H\u00eddricos, Marcello Lelis, ressaltou que a formaliza\u00e7\u00e3o do acordo chega em bom momento do Estado. \u201cA coopera\u00e7\u00e3o vem para contribuir com o fortalecimento das a\u00e7\u00f5es do Governo do Tocantins. Desde o ano passado, o Estado iniciou o trabalho de combate ao desmatamento ilegal, criamos o Grupo de Trabalho e assinamos o&nbsp;<em>Pacto pelo Desmatamento Ilegal Zero<\/em>. Neste ano, iniciamos a estrutura\u00e7\u00e3o da plataforma de identifica\u00e7\u00e3o do desmatamento legal e ilegal, avan\u00e7amos com o pr\u00e9-investimento do REDD+ Jurisdicional na estrutura\u00e7\u00e3o do monitoramento e no desenvolvimento do m\u00f3dulo de an\u00e1lise do Cadastro Ambiental Rural\u201d, enfatizou o secret\u00e1rio.<\/p>\n\n\n\n<p>A diretora de Economias de Impacto da CI-Brasil, Liliam Vendrametto, representando o vice-presidente, Maur\u00edcio Bianco, assinou o termo de celebra\u00e7\u00e3o do ACT. \u201cA formaliza\u00e7\u00e3o \u00e9 o primeiro passo dessa parceria, al\u00e9m dos pilares previstos nesta coopera\u00e7\u00e3o, queremos contribuir com uma comunica\u00e7\u00e3o fluida para ajustar as atividades planejadas e atendimento das demandas, conforme a prioridade indicada em cada etapa da a\u00e7\u00e3o\u201d, destacou.&nbsp;<\/p>\n\n\n\n<p>A superintendente de Gest\u00e3o e Pol\u00edticas P\u00fablicas Ambientais da Semarh, Marli Santos, enfatizou que recursos do REDD+ tamb\u00e9m est\u00e3o sendo investidos no plano de restaura\u00e7\u00e3o. \u201cInicialmente, o plano pretende priorizar os produtores com at\u00e9 quatro m\u00f3dulos fiscais [320 hectares], bem como \u00e1reas que comprometem os recursos h\u00eddricos, seja na quest\u00e3o de nascentes ou cursos de rio. Ent\u00e3o estamos construindo essas prioridades para podermos iniciar o trabalho em campo\u201d, pontuou.&nbsp;<\/p>\n\n\n\n<p>O coordenador de Projetos de Produ\u00e7\u00e3o Mais Sustent\u00e1vel da CI-Brasil, Matheus Leal, explicou que al\u00e9m de ter recursos voltados para produ\u00e7\u00e3o sustent\u00e1vel, conserva\u00e7\u00e3o e restaura\u00e7\u00e3o, a equipe pretende construir junto o planejamento da agenda das atividades priorit\u00e1rias e apresentar um desenho da metodologia, indicadores e metas, com intuito inclusive de avan\u00e7ar no pilar da biodiversidade, conforme sugest\u00f5es apresentadas, no di\u00e1logo desse encontro.<\/p>\n\n\n\n<p>Tamb\u00e9m prestigiaram a celebra\u00e7\u00e3o do acordo o coordenador de Projetos de Produ\u00e7\u00e3o Mais Sustent\u00e1vel da CI-Brasil, Carlos Eduardo Oliveira; da Semarh, o assessor de Gest\u00e3o e Pol\u00edticas P\u00fablicas, Lucas Alves; e o assessor Jur\u00eddico, Lucas Naves.<\/p>\n\n\n\n<p><strong>Compromisso<\/strong><\/p>\n\n\n\n<p>Em conjunto, as partes assumem o compromisso de elaborar um Plano de Trabalho para o ACT, com indica\u00e7\u00e3o das a\u00e7\u00f5es relevantes para o alcance do objeto e as atividades que dever\u00e3o ser cumpridas conforme m\u00e9todo e cronograma acordado. Cada parte fica respons\u00e1vel por coordenar suas respectivas equipes t\u00e9cnica e cient\u00edfica para implementa\u00e7\u00e3o do plano bem como revisar em conjunto todo o material t\u00e9cnico e quaisquer outros produtos que possam ser publicados.<\/p>\n\n\n\n<p>A Semarh e a CI-Brasil, assumem ainda, em seus respectivos \u00e2mbitos,&nbsp; entre outros, o compromisso de promover e\/ou participar da divulga\u00e7\u00e3o de a\u00e7\u00f5es, colaborar com os recursos humanos necess\u00e1rios \u00e0 implementa\u00e7\u00e3o das a\u00e7\u00f5es, buscar articula\u00e7\u00f5es e parcerias adicionais junto a entes governamentais das esferas municipal, estadual e federal, para viabilizar as atividades.<\/p>\n\n\n\n<p><strong>Pr\u00f3ximo passo<\/strong><\/p>\n\n\n\n<p>Ser\u00e1 preparado o detalhamento do macroprojeto, para demonstra\u00e7\u00e3o do escopo que vai subsidiar a discuss\u00e3o e defini\u00e7\u00e3o dos pilares, e das etapas de execu\u00e7\u00e3o que devem ser priorizadas,&nbsp; al\u00e9m da metodologia que ser\u00e1 adotada.&nbsp;<\/p>\n\n\n\n<p>Edi\u00e7\u00e3o: Vict\u00f3ria Milhomem<\/p>\n\n\n\n<p><img src=\"https:\/\/central.to.gov.br\/image\/384752?w=670&amp;h=383\"><\/p>\n\n\n\n<p>Acordo tem o objetivo de implementar a\u00e7\u00f5es conjuntas de redu\u00e7\u00e3o de emiss\u00f5es de carbono e conserva\u00e7\u00e3o de ativos ambientais &#8211; Jordana Capistrano\/Governo do Tocantins&nbsp;<a href=\"https:\/\/central.to.gov.br\/image\/384752?f=1\" target=\"_blank\" rel=\"noreferrer noopener\"><em>file_download<\/em><\/a><\/p>\n\n\n\n<p><img src=\"https:\/\/central.to.gov.br\/image\/384753?w=670&amp;h=383\"><\/p>\n\n\n\n<p>A partir da formaliza\u00e7\u00e3o, a coopera\u00e7\u00e3o t\u00e9cnica tem vig\u00eancia de tr\u00eas anos &#8211; Jordana Capistrano\/Governo do Tocantins&nbsp;<a href=\"https:\/\/central.to.gov.br\/image\/384753?f=1\" target=\"_blank\" rel=\"noreferrer noopener\"><em>file_download<\/em><\/a><a href=\"javascript:\"><em>keyboard_arrow_up<\/em><\/a><\/p>\n","protected":false},"excerpt":{"rendered":"<p>O Governo do Tocantins, por interm\u00e9dio da Secretaria do Meio Ambiente e Recursos H\u00eddricos (Semarh), assinou nesta quarta-feira, 10, o Acordo de Coopera\u00e7\u00e3o T\u00e9cnica (ACT) com a Conserva\u00e7\u00e3o Internacional do Brasil (CI-Brasil), para implementa\u00e7\u00e3o de a\u00e7\u00f5es conjuntas em prol do fortalecimento das agendas de produ\u00e7\u00e3o, conserva\u00e7\u00e3o, restaura\u00e7\u00e3o e economia positiva para o clima. Com o [&hellip;]<\/p>\n","protected":false},"author":2,"featured_media":20032,"comment_status":"open","ping_status":"open","sticky":false,"template":"","format":"standard","meta":[],"categories":[3],"tags":[13],"_links":{"self":[{"href":"https:\/\/dgospel.com.br\/portal\/index.php\/wp-json\/wp\/v2\/posts\/20031"}],"collection":[{"href":"https:\/\/dgospel.com.br\/portal\/index.php\/wp-json\/wp\/v2\/posts"}],"about":[{"href":"https:\/\/dgospel.com.br\/portal\/index.php\/wp-json\/wp\/v2\/types\/post"}],"author":[{"embeddable":true,"href":"https:\/\/dgospel.com.br\/portal\/index.php\/wp-json\/wp\/v2\/users\/2"}],"replies":[{"embeddable":true,"href":"https:\/\/dgospel.com.br\/portal\/index.php\/wp-json\/wp\/v2\/comments?post=20031"}],"version-history":[{"count":1,"href":"https:\/\/dgospel.com.br\/portal\/index.php\/wp-json\/wp\/v2\/posts\/20031\/revisions"}],"predecessor-version":[{"id":20033,"href":"https:\/\/dgospel.com.br\/portal\/index.php\/wp-json\/wp\/v2\/posts\/20031\/revisions\/20033"}],"wp:featuredmedia":[{"embeddable":true,"href":"https:\/\/dgospel.com.br\/portal\/index.php\/wp-json\/wp\/v2\/media\/20032"}],"wp:attachment":[{"href":"https:\/\/dgospel.com.br\/portal\/index.php\/wp-json\/wp\/v2\/media?parent=20031"}],"wp:term":[{"taxonomy":"category","embeddable":true,"href":"https:\/\/dgospel.com.br\/portal\/index.php\/wp-json\/wp\/v2\/categories?post=20031"},{"taxonomy":"post_tag","embeddable":true,"href":"https:\/\/dgospel.com.br\/portal\/index.php\/wp-json\/wp\/v2\/tags?post=20031"}],"curies":[{"name":"wp","href":"https:\/\/api.w.org\/{rel}","templated":true}]}}