{"id":20034,"date":"2024-07-11T12:12:20","date_gmt":"2024-07-11T15:12:20","guid":{"rendered":"https:\/\/dgospel.com.br\/portal\/?p=20034"},"modified":"2024-07-11T12:12:22","modified_gmt":"2024-07-11T15:12:22","slug":"municipios-da-regiao-central-do-tocantins-comemoram-investimentos-do-governo-do-estado-na-temporada-de-praia","status":"publish","type":"post","link":"https:\/\/dgospel.com.br\/portal\/index.php\/2024\/07\/11\/municipios-da-regiao-central-do-tocantins-comemoram-investimentos-do-governo-do-estado-na-temporada-de-praia\/","title":{"rendered":"Munic\u00edpios da regi\u00e3o central do Tocantins comemoram investimentos do Governo do Estado na temporada de praia"},"content":{"rendered":"\n<p>As \u00e1guas cristalinas dos rios Tocantins e Araguaia embelezam o cen\u00e1rio da temporada de praia, um dos per\u00edodos mais marcantes do Estado. Este ano, mais de 40 munic\u00edpios est\u00e3o preparados para receber turistas, impulsionando os setores da economia, com investimentos de R$ 35 milh\u00f5es do Governo do Tocantins. Na regi\u00e3o central do Estado, v\u00e1rias praias j\u00e1 est\u00e3o prontas e operando desde o \u00faltimo fim de semana, atraindo visitantes para uma temporada que j\u00e1 promete ser uma das mais memor\u00e1veis.<\/p>\n\n\n\n<p>\u201cEstamos muito orgulhosos de ver a temporada de praia 2024 ganhando cada vez mais destaque. Investimos R$ 35 milh\u00f5es em mais de 40 munic\u00edpios. Nossas praias s\u00e3o verdadeiros tesouros naturais que movimentam a economia e promovem o turismo em todas as regi\u00f5es do Tocantins. Seguimos cuidando do nosso povo, garantindo espa\u00e7os de lazer e cultura, que certamente ir\u00e3o tamb\u00e9m assegurar uma inje\u00e7\u00e3o financeira em todos os munic\u00edpios do nosso Estado&#8221;, pontua o governador Wanderlei Barbosa.<\/p>\n\n\n\n<p><strong>Miracema<\/strong><\/p>\n\n\n\n<p>Em Miracema, a j\u00e1 tradicional Praia Mirassol conta neste ano com dez quiosques, al\u00e9m de ambulantes, que vendem produtos aliment\u00edcios e oferecem servi\u00e7os pela estrutura. Apresenta\u00e7\u00f5es culturais regionais ir\u00e3o de sexta \u00e0 domingo animar os visitantes, em um cronograma que inicia no fim de tarde e vai at\u00e9 o come\u00e7o da madrugada. Lizana Bezerra \u00e9 secret\u00e1ria de Desenvolvimento Econ\u00f4mico, Cultura e Turismo de Miracema e ressalta que todos na cidade, inclusive nos munic\u00edpios vizinhos, j\u00e1 aguardam o in\u00edcio da programa\u00e7\u00e3o deste fim de semana. &#8220;Aqui, na primeira capital do Tocantins, Miracema, capital da alegria, n\u00f3s acreditamos que essa edi\u00e7\u00e3o ser\u00e1 sem d\u00favida alguma a maior. Realizamos tamb\u00e9m em Miracema, nos pr\u00f3ximos dias, o Miracaxi, evento que j\u00e1 \u00e9 rota de muitos tocantinenses n\u00e3o s\u00f3 de Miracema, como de v\u00e1rias outras cidades, e certamente far\u00e1 com que a temporada de praia da nossa cidade seja uma das mais marcantes deste ano. Costumeiramente recebemos de 2 a 3 mil banhistas, em todos os dias que a estrutura funciona, mas torcemos e esperamos que em 2024 isso aumente&#8221;, destacou a secret\u00e1ria.<\/p>\n\n\n\n<p>O local conta com rigorosa seguran\u00e7a, que inclui o patrulhamento ostensivo da Pol\u00edcia Militar, bombeiros, brigadistas, salva-vidas e guardas contratados. Na \u00e1gua, \u00e1reas foram delimitadas para assegurar que os banhistas desfrutem sempre respeitando os cuidados necess\u00e1rios. Essas medidas proporcionaram \u00e0 Marineide dos Santos uma experi\u00eancia confort\u00e1vel com os filhos. \u201cEu gosto dessa praia por ser acess\u00edvel, al\u00e9m disso ela \u00e9 segura, principalmente para o banho; aqui meus filhos e toda a fam\u00edlia se divertem\u201d, comentou.<\/p>\n\n\n\n<p>Franklin Noleto comemorou a facilidade do acesso \u00e0 praia. &#8220;\u00c9 f\u00e1cil e r\u00e1pido chegar aqui. A profundidade do rio tamb\u00e9m \u00e9 boa, principalmente para a gente que tem filhos, pois conseguimos acompanh\u00e1-los. A Praia Mirassol \u00e9 um local que nos alegra e que nos agrada, temos que valorizar por ela ser aqui da nossa cidade&#8221;.<\/p>\n\n\n\n<p>Francisco J\u00fanior Silva est\u00e1 no segundo ano consecutivo trabalhando na Praia de Mirassol. O comerciante da cidade, que em dias fora de temporada atua nos setores digital e de assist\u00eancia t\u00e9cnica, relatou que a experi\u00eancia tem sido t\u00e3o positiva e lucrativa que est\u00e1 considerando expandir para o ramo aliment\u00edcio em Miracema. \u201cTrabalhar nesse per\u00edodo \u00e9 muito recompensador, porque podemos sempre tirar uma boa renda. A praia \u00e9 movimentada e tem boa estrutura. No ano passado estivemos aqui e tivemos excelente retorno, e nesse ano j\u00e1 notamos o movimento crescer, o que nos deixa t\u00e3o otimistas, que j\u00e1 nos faz pensar em manter o empreendimento na cidade\u201d, afirmou o comerciante.<\/p>\n\n\n\n<p><strong>Tocant\u00ednia<\/strong><\/p>\n\n\n\n<p>Vizinha da praia de Miracema, a Praia P\u00f4r do Sol, localizada do outro lado do rio, em Tocant\u00ednia, conta tamb\u00e9m com a atua\u00e7\u00e3o de for\u00e7as de seguran\u00e7a e quiosques comerciais. S\u00e3o seis estandes vendendo comidas por todo o local. O secret\u00e1rio de Meio Ambiente de Tocant\u00ednia, Raul Rodrigues, enfatizou a relev\u00e2ncia da parceria com o Governo do Tocantins, pois gra\u00e7as ao apoio financeiro do Estado foi poss\u00edvel desenvolver uma programa\u00e7\u00e3o mais atrativa para a popula\u00e7\u00e3o. \u201cAgradecemos ao Governo do Tocantins pelo investimento, que foi fundamental para que tudo fosse organizado com qualidade. Nossa praia \u00e9 pequena e bem organizada, perfeita para a fam\u00edlia, pois tem estrutura para adultos, crian\u00e7as e idosos&#8221;, pontuou o secret\u00e1rio.&nbsp;<\/p>\n\n\n\n<p>Segundo os organizadores, s\u00e3o esperados 2 mil visitantes por dia neste fim de semana. Douglas Gomes \u00e9 o comerciante respons\u00e1vel por um dos quiosques da praia. Ele afirma que no \u00faltimo fim de semana os neg\u00f3cios j\u00e1 foram bons, e a expectativa \u00e9 de que nesse seja ainda melhor. &#8220;Nossa renda sempre cresce muito neste per\u00edodo do ano, quando costumamos vir \u00e0s praias. Tenho certeza que nesta temporada iremos lucrar muito, ent\u00e3o estamos contentes com isso&#8221;, frisou o empres\u00e1rio.<\/p>\n\n\n\n<p>\u00c9 o Tchan, Roger Som, Banda Balan\u00e7a\u00ed&nbsp;e M\u00e1rio Neto &amp; Gabriel ser\u00e3o as atra\u00e7\u00f5es musicais da Praia P\u00f4r do Sol,de sexta-feira, 12, a domingo, 14. Yuri Couto trabalha e mora em Gurupi, no sul do Estado, mas \u00e9 nascido em Tocant\u00ednia. Ele relata que, anualmente, reserva as f\u00e9rias para o m\u00eas de julho e o motivo \u00e9 claro: aproveitar a praia na sua cidade natal. \u201cA P\u00f4r do Sol tem uma estrutura impec\u00e1vel, tudo muito organizado. Comida boa, \u00e1gua excelente para o banho, sem contar na receptividade do pessoal de Tocant\u00ednia\u201d, destacou o tocantinense.<\/p>\n\n\n\n<p>Edi\u00e7\u00e3o: Caroline Spricigo<\/p>\n\n\n\n<p><img src=\"https:\/\/central.to.gov.br\/image\/384855?w=670&amp;h=383\"><\/p>\n\n\n\n<p>Banhistas comemoram refor\u00e7o na seguran\u00e7a na estrutura da Praia Mirassol &#8211; Adilvan Nogueira\/Governo do Tocantins&nbsp;<a href=\"https:\/\/central.to.gov.br\/image\/384855?f=1\" target=\"_blank\" rel=\"noreferrer noopener\"><em>file_download<\/em><\/a><\/p>\n\n\n\n<p><img src=\"https:\/\/central.to.gov.br\/image\/384842?w=670&amp;h=383\"><\/p>\n\n\n\n<p>Douglas Gomes \u00e9 o comerciante respons\u00e1vel por um dos quiosques da Praia P\u00f4r do Sol &#8211; Adilvan Nogueira\/Governo do Tocantins&nbsp;<a href=\"https:\/\/central.to.gov.br\/image\/384842?f=1\" target=\"_blank\" rel=\"noreferrer noopener\"><em>file_download<\/em><\/a><\/p>\n\n\n\n<p><img src=\"https:\/\/central.to.gov.br\/image\/384841?w=670&amp;h=383\"><\/p>\n\n\n\n<p>Em Tocant\u00ednia, prefeitura agradece parceria com o Governo do Tocantins que culminou em uma excelente estrutura para a praia neste ano &#8211; Adilvan Nogueira\/Governo do Tocantins&nbsp;<a href=\"https:\/\/central.to.gov.br\/image\/384841?f=1\" target=\"_blank\" rel=\"noreferrer noopener\"><em>file_download<\/em><\/a><\/p>\n\n\n\n<p><img src=\"https:\/\/central.to.gov.br\/image\/384840?w=670&amp;h=383\"><\/p>\n\n\n\n<p>Yuri Couto reserva as f\u00e9rias para o m\u00eas de julho para aproveitar a Praia P\u00f4r do Sol &#8211; Adilvan Nogueira\/Governo do Tocantins&nbsp;<a href=\"https:\/\/central.to.gov.br\/image\/384840?f=1\" target=\"_blank\" rel=\"noreferrer noopener\"><em>file_download<\/em><\/a><\/p>\n\n\n\n<p><img src=\"https:\/\/central.to.gov.br\/image\/384835?w=670&amp;h=383\"><\/p>\n\n\n\n<p>Francisco J\u00fanior Silva est\u00e1 no segundo ano consecutivo trabalhando na Praia de Mirassol &#8211; Adilvan Nogueira\/Governo do Tocantins&nbsp;<a href=\"https:\/\/central.to.gov.br\/image\/384835?f=1\" target=\"_blank\" rel=\"noreferrer noopener\"><em>file_download<\/em><\/a><\/p>\n\n\n\n<p><img src=\"https:\/\/central.to.gov.br\/image\/384834?w=670&amp;h=383\"><\/p>\n\n\n\n<p>Marineide dos Santos ressaltou que estar na Praia Mirassol \u00e9 uma experi\u00eancia confort\u00e1vel com os filhos, pela seguran\u00e7a e estrutura do local &#8211; Adilvan Nogueira\/Governo do Tocantins&nbsp;<a href=\"https:\/\/central.to.gov.br\/image\/384834?f=1\" target=\"_blank\" rel=\"noreferrer noopener\"><em>file_download<\/em><\/a><\/p>\n\n\n\n<p><img src=\"https:\/\/central.to.gov.br\/image\/384833?w=670&amp;h=383\"><\/p>\n\n\n\n<p>Atra\u00e7\u00f5es culturais s\u00e3o aguardadas neste fim de semana por visitantes das praias &#8211; Adilvan Nogueira\/Governo do Tocantins&nbsp;<a href=\"https:\/\/central.to.gov.br\/image\/384833?f=1\" target=\"_blank\" rel=\"noreferrer noopener\"><em>file_download<\/em><\/a><\/p>\n\n\n\n<p><img src=\"https:\/\/central.to.gov.br\/image\/384832?w=670&amp;h=383\"><\/p>\n\n\n\n<p>Franklin Noleto comemorou a facilidade do acesso \u00e0 Praia Mirassol &#8211; Adilvan Nogueira\/Governo do Tocantins&nbsp;<a href=\"https:\/\/central.to.gov.br\/image\/384832?f=1\" target=\"_blank\" rel=\"noreferrer noopener\"><em>file_download<\/em><\/a><\/p>\n\n\n\n<p><img src=\"https:\/\/central.to.gov.br\/image\/384831?w=670&amp;h=383\"><\/p>\n\n\n\n<p>Secret\u00e1rio de Meio Ambiente de Tocant\u00ednia, Raul Rodrigues, enfatizou a relev\u00e2ncia da parceria com o Governo do Tocantins &#8211; Adilvan Nogueira\/Governo do Tocantins&nbsp;<a href=\"https:\/\/central.to.gov.br\/image\/384831?f=1\" target=\"_blank\" rel=\"noreferrer noopener\"><em>file_download<\/em><\/a><\/p>\n\n\n\n<p><img src=\"https:\/\/central.to.gov.br\/image\/384828?w=670&amp;h=383\"><\/p>\n\n\n\n<p>Lizana Bezerra \u00e9 secret\u00e1ria de Desenvolvimento Econ\u00f4mico, Cultura e Turismo de Miracema e ressalta que todos na cidade e regi\u00e3o aguardam ansiosos o in\u00edcio da programa\u00e7\u00e3o deste fim de semana &#8211; Adilvan Nogueira\/Governo do Tocantins&nbsp;<a href=\"https:\/\/central.to.gov.br\/image\/384828?f=1\" target=\"_blank\" rel=\"noreferrer noopener\"><em>file_download<\/em><\/a><\/p>\n\n\n\n<p><img src=\"https:\/\/central.to.gov.br\/image\/384829?w=670&amp;h=383\"><\/p>\n\n\n\n<p>Comerciantes de Miracema celebram inje\u00e7\u00e3o na economia local, em raz\u00e3o do fomento realizado pelo Governo do Tocantins na praia da cidade &#8211; Adilvan Nogueira\/Governo do Tocantins&nbsp;<a href=\"https:\/\/central.to.gov.br\/image\/384829?f=1\" target=\"_blank\" rel=\"noreferrer noopener\"><em>file_download<\/em><\/a><\/p>\n\n\n\n<p><img src=\"https:\/\/central.to.gov.br\/image\/384830?w=670&amp;h=383\"><\/p>\n\n\n\n<p>S\u00e3o esperados 2 mil visitantes por dia neste fim de semana na Praia P\u00f4r do Sol &#8211; Adilvan Nogueira\/Governo do Tocantins&nbsp;<a href=\"https:\/\/central.to.gov.br\/image\/384830?f=1\" target=\"_blank\" rel=\"noreferrer noopener\"><em>file_download<\/em><\/a><a href=\"javascript:\"><em>keyboard_arrow_up<\/em><\/a><\/p>\n","protected":false},"excerpt":{"rendered":"<p>As \u00e1guas cristalinas dos rios Tocantins e Araguaia embelezam o cen\u00e1rio da temporada de praia, um dos per\u00edodos mais marcantes do Estado. Este ano, mais de 40 munic\u00edpios est\u00e3o preparados para receber turistas, impulsionando os setores da economia, com investimentos de R$ 35 milh\u00f5es do Governo do Tocantins. Na regi\u00e3o central do Estado, v\u00e1rias praias [&hellip;]<\/p>\n","protected":false},"author":2,"featured_media":20035,"comment_status":"open","ping_status":"open","sticky":false,"template":"","format":"standard","meta":[],"categories":[3],"tags":[13],"_links":{"self":[{"href":"https:\/\/dgospel.com.br\/portal\/index.php\/wp-json\/wp\/v2\/posts\/20034"}],"collection":[{"href":"https:\/\/dgospel.com.br\/portal\/index.php\/wp-json\/wp\/v2\/posts"}],"about":[{"href":"https:\/\/dgospel.com.br\/portal\/index.php\/wp-json\/wp\/v2\/types\/post"}],"author":[{"embeddable":true,"href":"https:\/\/dgospel.com.br\/portal\/index.php\/wp-json\/wp\/v2\/users\/2"}],"replies":[{"embeddable":true,"href":"https:\/\/dgospel.com.br\/portal\/index.php\/wp-json\/wp\/v2\/comments?post=20034"}],"version-history":[{"count":1,"href":"https:\/\/dgospel.com.br\/portal\/index.php\/wp-json\/wp\/v2\/posts\/20034\/revisions"}],"predecessor-version":[{"id":20036,"href":"https:\/\/dgospel.com.br\/portal\/index.php\/wp-json\/wp\/v2\/posts\/20034\/revisions\/20036"}],"wp:featuredmedia":[{"embeddable":true,"href":"https:\/\/dgospel.com.br\/portal\/index.php\/wp-json\/wp\/v2\/media\/20035"}],"wp:attachment":[{"href":"https:\/\/dgospel.com.br\/portal\/index.php\/wp-json\/wp\/v2\/media?parent=20034"}],"wp:term":[{"taxonomy":"category","embeddable":true,"href":"https:\/\/dgospel.com.br\/portal\/index.php\/wp-json\/wp\/v2\/categories?post=20034"},{"taxonomy":"post_tag","embeddable":true,"href":"https:\/\/dgospel.com.br\/portal\/index.php\/wp-json\/wp\/v2\/tags?post=20034"}],"curies":[{"name":"wp","href":"https:\/\/api.w.org\/{rel}","templated":true}]}}