{"id":20037,"date":"2024-07-14T18:19:36","date_gmt":"2024-07-14T21:19:36","guid":{"rendered":"https:\/\/dgospel.com.br\/portal\/?p=20037"},"modified":"2024-07-14T18:19:38","modified_gmt":"2024-07-14T21:19:38","slug":"deus-impediu-que-acontecesse-o-pior-diz-trump-sobre-ataque","status":"publish","type":"post","link":"https:\/\/dgospel.com.br\/portal\/index.php\/2024\/07\/14\/deus-impediu-que-acontecesse-o-pior-diz-trump-sobre-ataque\/","title":{"rendered":"\u201cDeus impediu que acontecesse o pior\u201d, diz Trump sobre ataque"},"content":{"rendered":"\n<p>O ex-presidente dos Estados Unidos e pr\u00e9-candidato republicano Donald Trump afirmou em uma postagem na sua rede social pr\u00f3pria, a Truth Social, que n\u00e3o tem medo e que se manter\u00e1 forte ap\u00f3s sobreviver ao atentado que sofreu neste s\u00e1bado (13), durante um com\u00edcio em Butler, na Pensilv\u00e2nia.<\/p>\n\n\n\n<p>\u2013 Obrigado a todos por seus pensamentos e ora\u00e7\u00f5es ontem, pois foi somente Deus quem evitou que o impens\u00e1vel acontecesse. N\u00f3s N\u00c3O TEREMOS MEDO, mas em vez disso permaneceremos resilientes em nossa f\u00e9 e desafiadores diante da maldade \u2013 escreveu o ex-presidente, que se encontra neste domingo (14) em Nova Jersey.<\/p>\n\n\n\n<p>O ex-presidente, tal como fez neste s\u00e1bado, referiu-se aos familiares da pessoa falecida no atentado e tamb\u00e9m aos feridos, aos quais desejou sua r\u00e1pida recupera\u00e7\u00e3o.<\/p>\n\n\n\n<p>\u2013 Neste momento, \u00e9 mais importante do que nunca que permane\u00e7amos unidos e mostremos o nosso verdadeiro car\u00e1ter como americanos, permanecendo fortes e determinados, e n\u00e3o permitindo que o mal ven\u00e7a \u2013 acrescentou.<\/p>\n\n\n\n<p>Trump disse que espera participar da Conven\u00e7\u00e3o Nacional Republicana em Wisconsin, que come\u00e7a nesta segunda-feira (15) e na pr\u00f3xima quinta (18) pretende oficializar sua nomea\u00e7\u00e3o como candidato do partido nas elei\u00e7\u00f5es de novembro.<\/p>\n\n\n\n<p>Em uma mensagem anterior na sua rede social, Trump explicou que a bala disparada pelo atirador passou pela parte superior da sua orelha direita.<\/p>\n\n\n\n<p>\u2013 Percebi imediatamente que algo estava errado porque ouvi um zumbido, tiros, e imediatamente senti a bala atravessando a pele. Sangrei muito e percebi o que estava acontecendo \u2013 contou.<\/p>\n\n\n\n<p>O FBI identificou o atirador como um jovem branco da Pensilv\u00e2nia que atende pelo nome de Thomas Matthew Crooks, de apenas 20 anos.<\/p>\n\n\n\n<p>As autoridades n\u00e3o sabem at\u00e9 o momento quais poderiam ser as suas motiva\u00e7\u00f5es e se ele era o que se chama de \u201clobo solit\u00e1rio\u201d ou se tinha um c\u00famplice.<\/p>\n\n\n\n<p>A emissora local de Pittsburgh WTAE afirmou que o atirador usou um rifle tipo AR-15 e disparou oito tiros antes de ser morto por agentes do Servi\u00e7o Secreto.<\/p>\n\n\n\n<p>As autoridades confirmaram que o atirador causou a morte de um participante do com\u00edcio, atingiu Trump na orelha direita e deixou outras duas pessoas gravemente feridas na plateia.<\/p>\n\n\n\n<p>*EFE<\/p>\n","protected":false},"excerpt":{"rendered":"<p>O ex-presidente dos Estados Unidos e pr\u00e9-candidato republicano Donald Trump afirmou em uma postagem na sua rede social pr\u00f3pria, a Truth Social, que n\u00e3o tem medo e que se manter\u00e1 forte ap\u00f3s sobreviver ao atentado que sofreu neste s\u00e1bado (13), durante um com\u00edcio em Butler, na Pensilv\u00e2nia. \u2013 Obrigado a todos por seus pensamentos e [&hellip;]<\/p>\n","protected":false},"author":2,"featured_media":20038,"comment_status":"open","ping_status":"open","sticky":false,"template":"","format":"standard","meta":[],"categories":[16],"tags":[13],"_links":{"self":[{"href":"https:\/\/dgospel.com.br\/portal\/index.php\/wp-json\/wp\/v2\/posts\/20037"}],"collection":[{"href":"https:\/\/dgospel.com.br\/portal\/index.php\/wp-json\/wp\/v2\/posts"}],"about":[{"href":"https:\/\/dgospel.com.br\/portal\/index.php\/wp-json\/wp\/v2\/types\/post"}],"author":[{"embeddable":true,"href":"https:\/\/dgospel.com.br\/portal\/index.php\/wp-json\/wp\/v2\/users\/2"}],"replies":[{"embeddable":true,"href":"https:\/\/dgospel.com.br\/portal\/index.php\/wp-json\/wp\/v2\/comments?post=20037"}],"version-history":[{"count":1,"href":"https:\/\/dgospel.com.br\/portal\/index.php\/wp-json\/wp\/v2\/posts\/20037\/revisions"}],"predecessor-version":[{"id":20039,"href":"https:\/\/dgospel.com.br\/portal\/index.php\/wp-json\/wp\/v2\/posts\/20037\/revisions\/20039"}],"wp:featuredmedia":[{"embeddable":true,"href":"https:\/\/dgospel.com.br\/portal\/index.php\/wp-json\/wp\/v2\/media\/20038"}],"wp:attachment":[{"href":"https:\/\/dgospel.com.br\/portal\/index.php\/wp-json\/wp\/v2\/media?parent=20037"}],"wp:term":[{"taxonomy":"category","embeddable":true,"href":"https:\/\/dgospel.com.br\/portal\/index.php\/wp-json\/wp\/v2\/categories?post=20037"},{"taxonomy":"post_tag","embeddable":true,"href":"https:\/\/dgospel.com.br\/portal\/index.php\/wp-json\/wp\/v2\/tags?post=20037"}],"curies":[{"name":"wp","href":"https:\/\/api.w.org\/{rel}","templated":true}]}}