{"id":20040,"date":"2024-07-14T23:31:38","date_gmt":"2024-07-15T02:31:38","guid":{"rendered":"https:\/\/dgospel.com.br\/portal\/?p=20040"},"modified":"2024-07-14T23:33:08","modified_gmt":"2024-07-15T02:33:08","slug":"janad-valcari-participa-da-87o-ago-da-ciadseta-e-recebe-palavra-impactante-nenhuma-arma-forjada-contra-voce-te-atingira-porque-o-senhor-dos-exercitos-te-abencoara-e-te-protegera","status":"publish","type":"post","link":"https:\/\/dgospel.com.br\/portal\/index.php\/2024\/07\/14\/janad-valcari-participa-da-87o-ago-da-ciadseta-e-recebe-palavra-impactante-nenhuma-arma-forjada-contra-voce-te-atingira-porque-o-senhor-dos-exercitos-te-abencoara-e-te-protegera\/","title":{"rendered":"Janad Valcari participa da 87\u00ba AGO da CIADSETA e recebe palavra impactante: \u201cNenhuma arma forjada contra voc\u00ea te atingir\u00e1, porque o Senhor dos Ex\u00e9rcitos te aben\u00e7oar\u00e1 e te proteger\u00e1\u201d"},"content":{"rendered":"\n<p>A deputada e pr\u00e9-candidata \u00e0 prefeita de Palmas, Janad Valcari (PL) participou neste s\u00e1bado, 13, da 87\u00ba Assembleia Geral Ordin\u00e1ria (AGO) da Conven\u00e7\u00e3o CIADSETA, na Escola Estadual professora Eliz\u00e2ngela Gl\u00f3ria Cardoso, na capital. Janad Valcari, estava acompanhada do esposo Ordiley, e recebeu uma recep\u00e7\u00e3o calorosa dos l\u00edderes presentes.<\/p>\n\n\n\n<p>Na oportunidade o pastor Ant\u00f4nio Xavier, presidente da AD CIADSETA Palmas Centro, e vice-presidente da Conven\u00e7\u00e3o, ao lado do pastor Paulo Martins Neto, presidente da CIADSETA, e de v\u00e1rias lideran\u00e7as do minist\u00e9rio deram boas-vindas a deputada.<\/p>\n\n\n\n<p>&nbsp;Na ocasi\u00e3o o pastor Ant\u00f4nio Xavier, agradeceu a deputada pela a presen\u00e7a, e destacou a bela atua\u00e7\u00e3o da parlamentar em defesa daquilo que \u00e9 no correto.<\/p>\n\n\n\n<p>&nbsp;\u201cSe Deus quiser, Janad vai assumir esse munic\u00edpio de baixo do temor e da gra\u00e7a de Deus. <em>Sabemos que \u00e9 grande o desafio, mais Deus \u00e9 maior. Ele vai te d\u00e1 for\u00e7a e gra\u00e7a para transpor as barreiras, superar os obst\u00e1culos e nenhuma arma forjada contra voc\u00ea te atingir\u00e1, porque o Senhor dos Ex\u00e9rcitos te aben\u00e7oar\u00e1 e te proteger\u00e1\u201d<\/em><\/p>\n\n\n\n<p><em>A <\/em>Janad Valcari, que \u00e9 crist\u00e3, tem recebido apoio da grande maioria dos l\u00edderes evang\u00e9licos da capital, \u00e0 sua pr\u00e9-candidatura \u00e0 prefeita de Palmas.<\/p>\n","protected":false},"excerpt":{"rendered":"<p>A deputada e pr\u00e9-candidata \u00e0 prefeita de Palmas, Janad Valcari (PL) participou neste s\u00e1bado, 13, da 87\u00ba Assembleia Geral Ordin\u00e1ria (AGO) da Conven\u00e7\u00e3o CIADSETA, na Escola Estadual professora Eliz\u00e2ngela Gl\u00f3ria Cardoso, na capital. Janad Valcari, estava acompanhada do esposo Ordiley, e recebeu uma recep\u00e7\u00e3o calorosa dos l\u00edderes presentes. Na oportunidade o pastor Ant\u00f4nio Xavier, presidente [&hellip;]<\/p>\n","protected":false},"author":2,"featured_media":20043,"comment_status":"open","ping_status":"open","sticky":false,"template":"","format":"standard","meta":[],"categories":[5],"tags":[],"_links":{"self":[{"href":"https:\/\/dgospel.com.br\/portal\/index.php\/wp-json\/wp\/v2\/posts\/20040"}],"collection":[{"href":"https:\/\/dgospel.com.br\/portal\/index.php\/wp-json\/wp\/v2\/posts"}],"about":[{"href":"https:\/\/dgospel.com.br\/portal\/index.php\/wp-json\/wp\/v2\/types\/post"}],"author":[{"embeddable":true,"href":"https:\/\/dgospel.com.br\/portal\/index.php\/wp-json\/wp\/v2\/users\/2"}],"replies":[{"embeddable":true,"href":"https:\/\/dgospel.com.br\/portal\/index.php\/wp-json\/wp\/v2\/comments?post=20040"}],"version-history":[{"count":1,"href":"https:\/\/dgospel.com.br\/portal\/index.php\/wp-json\/wp\/v2\/posts\/20040\/revisions"}],"predecessor-version":[{"id":20042,"href":"https:\/\/dgospel.com.br\/portal\/index.php\/wp-json\/wp\/v2\/posts\/20040\/revisions\/20042"}],"wp:featuredmedia":[{"embeddable":true,"href":"https:\/\/dgospel.com.br\/portal\/index.php\/wp-json\/wp\/v2\/media\/20043"}],"wp:attachment":[{"href":"https:\/\/dgospel.com.br\/portal\/index.php\/wp-json\/wp\/v2\/media?parent=20040"}],"wp:term":[{"taxonomy":"category","embeddable":true,"href":"https:\/\/dgospel.com.br\/portal\/index.php\/wp-json\/wp\/v2\/categories?post=20040"},{"taxonomy":"post_tag","embeddable":true,"href":"https:\/\/dgospel.com.br\/portal\/index.php\/wp-json\/wp\/v2\/tags?post=20040"}],"curies":[{"name":"wp","href":"https:\/\/api.w.org\/{rel}","templated":true}]}}