{"id":20047,"date":"2024-07-15T22:56:22","date_gmt":"2024-07-16T01:56:22","guid":{"rendered":"https:\/\/dgospel.com.br\/portal\/?p=20047"},"modified":"2024-07-15T22:56:24","modified_gmt":"2024-07-16T01:56:24","slug":"audios-vazados-mostram-que-bolsonaro-nao-praticou-trafico-de-influencia-nem-aceitou-chantagem-de-witzel","status":"publish","type":"post","link":"https:\/\/dgospel.com.br\/portal\/index.php\/2024\/07\/15\/audios-vazados-mostram-que-bolsonaro-nao-praticou-trafico-de-influencia-nem-aceitou-chantagem-de-witzel\/","title":{"rendered":"\u00c1udios vazados mostram que Bolsonaro n\u00e3o praticou tr\u00e1fico de influ\u00eancia nem aceitou chantagem de Witzel"},"content":{"rendered":"\n<p>O vazamento de um \u00e1udio envolvendo o ex-presidente Jair Bolsonaro e o ex-governador do Rio de Janeiro, Wilson Witzel. Na grava\u00e7\u00e3o, Bolsonaro alega que Witzel teria pedido uma vaga no Supremo Tribunal Federal (STF) para \u201cresolver o caso do Fl\u00e1vio\u201d, referindo-se \u00e0s investiga\u00e7\u00f5es sobre o senador Fl\u00e1vio Bolsonaro.<\/p>\n\n\n\n<p>Este \u00e1udio surgiu durante a investiga\u00e7\u00e3o \u201cAbin Paralela\u201d, que apura o uso indevido de servi\u00e7os de intelig\u00eancia durante o governo Bolsonaro. O \u00e1udio foi encontrado no celular de Alexandre Ramagem, ex-diretor da Abin, durante uma opera\u00e7\u00e3o da Pol\u00edcia Federal.<\/p>\n\n\n\n<p>O ministro Alexandre de Moraes, do STF, decidiu derrubar o sigilo do \u00e1udio, permitindo sua an\u00e1lise p\u00fablica e oferecendo transpar\u00eancia sobre as din\u00e2micas internas do governo. A decis\u00e3o inclui a divulga\u00e7\u00e3o de informa\u00e7\u00f5es que sugerem a exist\u00eancia de uma organiza\u00e7\u00e3o criminosa dentro da intelig\u00eancia brasileira.<\/p>\n\n\n\n<p><a href=\"https:\/\/www.instagram.com\/reel\/C9djy1btf9_\/?utm_source=ig_embed&amp;ig_rid=a1b2678a-b5dd-4214-94fb-fa185a595d8b\">https:\/\/www.instagram.com\/reel\/C9djy1btf9_\/?utm_source=ig_embed&amp;ig_rid=a1b2678a-b5dd-4214-94fb-fa185a595d8b<\/a><\/p>\n","protected":false},"excerpt":{"rendered":"<p>O vazamento de um \u00e1udio envolvendo o ex-presidente Jair Bolsonaro e o ex-governador do Rio de Janeiro, Wilson Witzel. Na grava\u00e7\u00e3o, Bolsonaro alega que Witzel teria pedido uma vaga no Supremo Tribunal Federal (STF) para \u201cresolver o caso do Fl\u00e1vio\u201d, referindo-se \u00e0s investiga\u00e7\u00f5es sobre o senador Fl\u00e1vio Bolsonaro. Este \u00e1udio surgiu durante a investiga\u00e7\u00e3o \u201cAbin [&hellip;]<\/p>\n","protected":false},"author":2,"featured_media":20048,"comment_status":"open","ping_status":"open","sticky":false,"template":"","format":"standard","meta":[],"categories":[4],"tags":[],"_links":{"self":[{"href":"https:\/\/dgospel.com.br\/portal\/index.php\/wp-json\/wp\/v2\/posts\/20047"}],"collection":[{"href":"https:\/\/dgospel.com.br\/portal\/index.php\/wp-json\/wp\/v2\/posts"}],"about":[{"href":"https:\/\/dgospel.com.br\/portal\/index.php\/wp-json\/wp\/v2\/types\/post"}],"author":[{"embeddable":true,"href":"https:\/\/dgospel.com.br\/portal\/index.php\/wp-json\/wp\/v2\/users\/2"}],"replies":[{"embeddable":true,"href":"https:\/\/dgospel.com.br\/portal\/index.php\/wp-json\/wp\/v2\/comments?post=20047"}],"version-history":[{"count":1,"href":"https:\/\/dgospel.com.br\/portal\/index.php\/wp-json\/wp\/v2\/posts\/20047\/revisions"}],"predecessor-version":[{"id":20049,"href":"https:\/\/dgospel.com.br\/portal\/index.php\/wp-json\/wp\/v2\/posts\/20047\/revisions\/20049"}],"wp:featuredmedia":[{"embeddable":true,"href":"https:\/\/dgospel.com.br\/portal\/index.php\/wp-json\/wp\/v2\/media\/20048"}],"wp:attachment":[{"href":"https:\/\/dgospel.com.br\/portal\/index.php\/wp-json\/wp\/v2\/media?parent=20047"}],"wp:term":[{"taxonomy":"category","embeddable":true,"href":"https:\/\/dgospel.com.br\/portal\/index.php\/wp-json\/wp\/v2\/categories?post=20047"},{"taxonomy":"post_tag","embeddable":true,"href":"https:\/\/dgospel.com.br\/portal\/index.php\/wp-json\/wp\/v2\/tags?post=20047"}],"curies":[{"name":"wp","href":"https:\/\/api.w.org\/{rel}","templated":true}]}}