{"id":20053,"date":"2024-07-15T23:03:22","date_gmt":"2024-07-16T02:03:22","guid":{"rendered":"https:\/\/dgospel.com.br\/portal\/?p=20053"},"modified":"2024-07-15T23:03:23","modified_gmt":"2024-07-16T02:03:23","slug":"nikolas-ferreira-ironiza-lula-a-picanha-virou-pe-de-galinha","status":"publish","type":"post","link":"https:\/\/dgospel.com.br\/portal\/index.php\/2024\/07\/15\/nikolas-ferreira-ironiza-lula-a-picanha-virou-pe-de-galinha\/","title":{"rendered":"Nikolas Ferreira ironiza Lula: \u201cA picanha virou p\u00e9 de galinha\u201d"},"content":{"rendered":"\n<p>O deputado federal Nikolas Ferreira (PL-MG) criticou a aprova\u00e7\u00e3o do Projeto de Lei Complementar (PLP) 68\/2024, que regulamenta o IBS e a CBS na reforma tribut\u00e1ria. Ele destacou que \u201ca picanha virou p\u00e9 de galinha e a cerveja ter\u00e1 mais impostos\u201d.<\/p>\n\n\n\n<p>Os coment\u00e1rios do parlamentar est\u00e3o em um artigo dele, que foi publicado no portal Gazeta do Povo. Ele protestou contra o aumento de impostos para os brasileiros e afirmou que \u201cse hoje temos um governo que aumenta suas despesas e entrega as contas p\u00fablicas no vermelho, n\u00e3o \u00e9 de se esperar que a conta chegue no colo da popula\u00e7\u00e3o\u201d.<\/p>\n\n\n\n<p>Nikolas disse ainda que \u201co governo Lula se preocupou mais em falar sobre eliminar valores dos benef\u00edcios sociais do que suprimir despesas\u201d.<\/p>\n\n\n\n<p>A declara\u00e7\u00e3o de Ferreira sobre p\u00e9 de galinha se deve ao fato de o presidente Lula (PT) ter&nbsp;<a href=\"https:\/\/pleno.news\/economia\/lula-admite-que-carne-de-alto-padrao-pode-ser-taxada.html\" target=\"_blank\" rel=\"noreferrer noopener\">dito<\/a>, no fim de junho, que \u201ctem carne que \u00e9 consumida s\u00f3 por gente de padr\u00e3o alto e tem a carne que o povo consome todo dia \u2013 p\u00e9 de frango, pesco\u00e7o de frango, peito de frango\u201d.<\/p>\n\n\n\n<p>\u2013 N\u00f3s estamos discutindo v\u00e1rias coisas. Vamos discutir na reforma tribut\u00e1ria quais os itens que a gente quer que n\u00e3o pague imposto e quais a gente quer. Na quest\u00e3o da carne, os empres\u00e1rios querem que voc\u00ea isente tudo. Acho que a gente tem que mediar. Tem a carne que \u00e9 consumida s\u00f3 por gente de padr\u00e3o alto e tem a carne que o povo consome todo dia \u2013 p\u00e9 de frango, pesco\u00e7o de frango, peito de frango. Pode fazer a separa\u00e7\u00e3o. N\u00e3o vamos taxar o frango, \u00e9 o que o povo come todo dia \u2013 falou o petista durante uma entrevista concedida ao UOL, na \u00e9poca.<\/p>\n\n\n\n<p>Durante campanha, em 2022, Lula falou que os brasileiros voltariam a comer picanha e tomar cerveja.<\/p>\n\n\n\n<figure class=\"wp-block-image\"><img src=\"https:\/\/static.cdn.pleno.news\/2024\/07\/Screenshot-23-1.png\" alt=\"\" class=\"wp-image-1352917\"\/><\/figure>\n\n\n\n<p><strong>PRE\u00c7O M\u00c9DIO DA PICANHA FICOU MAIS CARO<\/strong><br>O pre\u00e7o m\u00e9dio do quilo da&nbsp;<a href=\"http:\/\/pleno.news\/tag\/picanha\" target=\"_blank\" rel=\"noreferrer noopener\">picanha<\/a>&nbsp;subiu 2,45% no primeiro semestre deste ano e atingiu a marca de R$ 71. O dado \u00e9 de um levantamento do Instituto de Economia Agr\u00edcola (IEA) que foi divulgado pelo site Poder360 nesta segunda-feira (15).<\/p>\n\n\n\n<p>De acordo com o levantamento, o valor do quilo do corte em 2023 era de R$ 69,30, o que significa que o sal\u00e1rio m\u00ednimo vigente durante a maior parte do ano passado \u2013 de R$ 1.320 \u2013 permitia que os brasileiros adquirissem 19,1 quilos de picanha. No primeiro semestre deste ano, esse n\u00famero teve uma leve alta e chegou a 19,9 quilos.<\/p>\n\n\n\n<p>O melhor resultado da s\u00e9rie hist\u00f3rica do IEA, no entanto, foi em 2019, o primeiro ano do governo do ex-presidente Jair Bolsonaro (PL). Ainda sem o impacto da pandemia na economia, os brasileiros poderiam adquirir cerca de 23 quilos de picanha em uma \u00e9poca em que o sal\u00e1rio m\u00ednimo estava em R$ 998 e o pre\u00e7o do corte da carne era de R$ 43,50.<\/p>\n\n\n\n<p><strong>REFORMA TRIBUT\u00c1RIA E A CARNE<br><\/strong>As discuss\u00f5es sobre o pre\u00e7o da carne voltaram a acontecer nos \u00faltimos dias ap\u00f3s a C\u00e2mara dos Deputados aprovar o principal texto de regulamenta\u00e7\u00e3o da reforma tribut\u00e1ria do consumo. Durante as delibera\u00e7\u00f5es, foi aprovado um destaque do Partido Liberal (PL) que determinou al\u00edquota zero para as prote\u00ednas animais.<\/p>\n\n\n\n<p>Ap\u00f3s a vota\u00e7\u00e3o, deputados de esquerda e ligados ao governo tentaram enaltecer o presidente&nbsp;<a href=\"http:\/\/pleno.news\/tag\/lula\" target=\"_blank\" rel=\"noreferrer noopener\">Luiz In\u00e1cio Lula da Silva<\/a>&nbsp;(PT) pela isen\u00e7\u00e3o do imposto da carne. No entanto, o que foi ocultado \u00e9 que o pr\u00f3prio Minist\u00e9rio da Fazenda tentou barrar essa proposta, mas acabou n\u00e3o conseguindo.<\/p>\n","protected":false},"excerpt":{"rendered":"<p>O deputado federal Nikolas Ferreira (PL-MG) criticou a aprova\u00e7\u00e3o do Projeto de Lei Complementar (PLP) 68\/2024, que regulamenta o IBS e a CBS na reforma tribut\u00e1ria. Ele destacou que \u201ca picanha virou p\u00e9 de galinha e a cerveja ter\u00e1 mais impostos\u201d. Os coment\u00e1rios do parlamentar est\u00e3o em um artigo dele, que foi publicado no portal [&hellip;]<\/p>\n","protected":false},"author":2,"featured_media":20054,"comment_status":"open","ping_status":"open","sticky":false,"template":"","format":"standard","meta":[],"categories":[10],"tags":[],"_links":{"self":[{"href":"https:\/\/dgospel.com.br\/portal\/index.php\/wp-json\/wp\/v2\/posts\/20053"}],"collection":[{"href":"https:\/\/dgospel.com.br\/portal\/index.php\/wp-json\/wp\/v2\/posts"}],"about":[{"href":"https:\/\/dgospel.com.br\/portal\/index.php\/wp-json\/wp\/v2\/types\/post"}],"author":[{"embeddable":true,"href":"https:\/\/dgospel.com.br\/portal\/index.php\/wp-json\/wp\/v2\/users\/2"}],"replies":[{"embeddable":true,"href":"https:\/\/dgospel.com.br\/portal\/index.php\/wp-json\/wp\/v2\/comments?post=20053"}],"version-history":[{"count":1,"href":"https:\/\/dgospel.com.br\/portal\/index.php\/wp-json\/wp\/v2\/posts\/20053\/revisions"}],"predecessor-version":[{"id":20055,"href":"https:\/\/dgospel.com.br\/portal\/index.php\/wp-json\/wp\/v2\/posts\/20053\/revisions\/20055"}],"wp:featuredmedia":[{"embeddable":true,"href":"https:\/\/dgospel.com.br\/portal\/index.php\/wp-json\/wp\/v2\/media\/20054"}],"wp:attachment":[{"href":"https:\/\/dgospel.com.br\/portal\/index.php\/wp-json\/wp\/v2\/media?parent=20053"}],"wp:term":[{"taxonomy":"category","embeddable":true,"href":"https:\/\/dgospel.com.br\/portal\/index.php\/wp-json\/wp\/v2\/categories?post=20053"},{"taxonomy":"post_tag","embeddable":true,"href":"https:\/\/dgospel.com.br\/portal\/index.php\/wp-json\/wp\/v2\/tags?post=20053"}],"curies":[{"name":"wp","href":"https:\/\/api.w.org\/{rel}","templated":true}]}}