{"id":2006,"date":"2018-12-05T10:36:15","date_gmt":"2018-12-05T12:36:15","guid":{"rendered":"http:\/\/dgospel.com.br\/portal\/?p=2006"},"modified":"2018-12-05T10:36:15","modified_gmt":"2018-12-05T12:36:15","slug":"aprovados-do-concurso-da-camara-de-palmas-cobram-homologacao-antes-do-recesso-legislativo","status":"publish","type":"post","link":"https:\/\/dgospel.com.br\/portal\/index.php\/2018\/12\/05\/aprovados-do-concurso-da-camara-de-palmas-cobram-homologacao-antes-do-recesso-legislativo\/","title":{"rendered":"Aprovados do concurso da C\u00e2mara de Palmas cobram homologa\u00e7\u00e3o antes do recesso legislativo"},"content":{"rendered":"<p style=\"font-weight: 400;\">Os candidatos aprovados no concurso da C\u00e2mara Municipal de Palmas organizam mais uma manifesta\u00e7\u00e3o na Casa de Leis para esta quinta-feira, 6, \u00e0s 9h. O objetivo \u00e9 cobrar que a homologa\u00e7\u00e3o do certame e a nomea\u00e7\u00e3o dos aprovados aconte\u00e7am antes do recesso legislativo, previsto para 15 de dezembro.<\/p>\n<p style=\"font-weight: 400;\">Segundo os aprovados, o objetivo da reuni\u00e3o \u00e9 saber qual a previs\u00e3o para o andamento do certamente, j\u00e1 que a C\u00e2mara publicou no Di\u00e1rio Oficial do Munic\u00edpio de Palmas do dia 28 de novembro, Portaria que anula Prova de Aptid\u00e3o F\u00edsica, Avalia\u00e7\u00e3o Psicol\u00f3gica e Investiga\u00e7\u00e3o Social Documental do cargo de Vigia, o que era apontado como uma das justificativas da Casa de Leis para o atraso de cerca de seis meses na homologa\u00e7\u00e3o.<\/p>\n<p style=\"font-weight: 400;\">Os aprovados nas vagas imediatas e cadastro de reserva j\u00e1 realizaram uma manifesta\u00e7\u00e3o com este mesmo objetivo no in\u00edcio do m\u00eas de novembro deste ano, por\u00e9m n\u00e3o foi estipulado um prazo para que as solicita\u00e7\u00f5es fossem atendidas. Assim, com a proximidade do recesso o grupo resolveu cobrar novamente uma resposta dos vereadores.<\/p>\n<p style=\"font-weight: 400;\">Vale ressaltar que a homologa\u00e7\u00e3o \u00e9 indispens\u00e1vel para a nomea\u00e7\u00e3o dos aprovados e que a Justi\u00e7a determinou que a quantidade de concursados e comissionados na C\u00e2mara seja proporcional a 50% at\u00e9 dezembro deste ano. No entanto, at\u00e9 o momento, apenas 60 comissionados foram exonerados, cerca de 25% do total de servidores que a Justi\u00e7a entendeu que devem deixar os cargos.<\/p>\n","protected":false},"excerpt":{"rendered":"<p>Os candidatos aprovados no concurso da C\u00e2mara Municipal de Palmas organizam mais uma manifesta\u00e7\u00e3o na Casa de Leis para esta quinta-feira, 6, \u00e0s 9h. O objetivo \u00e9 cobrar que a homologa\u00e7\u00e3o do certame e a nomea\u00e7\u00e3o dos aprovados aconte\u00e7am antes do recesso legislativo, previsto para 15 de dezembro. Segundo os aprovados, o objetivo da reuni\u00e3o [&hellip;]<\/p>\n","protected":false},"author":2,"featured_media":2007,"comment_status":"open","ping_status":"open","sticky":false,"template":"","format":"standard","meta":[],"categories":[8,2],"tags":[],"_links":{"self":[{"href":"https:\/\/dgospel.com.br\/portal\/index.php\/wp-json\/wp\/v2\/posts\/2006"}],"collection":[{"href":"https:\/\/dgospel.com.br\/portal\/index.php\/wp-json\/wp\/v2\/posts"}],"about":[{"href":"https:\/\/dgospel.com.br\/portal\/index.php\/wp-json\/wp\/v2\/types\/post"}],"author":[{"embeddable":true,"href":"https:\/\/dgospel.com.br\/portal\/index.php\/wp-json\/wp\/v2\/users\/2"}],"replies":[{"embeddable":true,"href":"https:\/\/dgospel.com.br\/portal\/index.php\/wp-json\/wp\/v2\/comments?post=2006"}],"version-history":[{"count":1,"href":"https:\/\/dgospel.com.br\/portal\/index.php\/wp-json\/wp\/v2\/posts\/2006\/revisions"}],"predecessor-version":[{"id":2008,"href":"https:\/\/dgospel.com.br\/portal\/index.php\/wp-json\/wp\/v2\/posts\/2006\/revisions\/2008"}],"wp:featuredmedia":[{"embeddable":true,"href":"https:\/\/dgospel.com.br\/portal\/index.php\/wp-json\/wp\/v2\/media\/2007"}],"wp:attachment":[{"href":"https:\/\/dgospel.com.br\/portal\/index.php\/wp-json\/wp\/v2\/media?parent=2006"}],"wp:term":[{"taxonomy":"category","embeddable":true,"href":"https:\/\/dgospel.com.br\/portal\/index.php\/wp-json\/wp\/v2\/categories?post=2006"},{"taxonomy":"post_tag","embeddable":true,"href":"https:\/\/dgospel.com.br\/portal\/index.php\/wp-json\/wp\/v2\/tags?post=2006"}],"curies":[{"name":"wp","href":"https:\/\/api.w.org\/{rel}","templated":true}]}}