{"id":20062,"date":"2024-07-17T11:50:25","date_gmt":"2024-07-17T14:50:25","guid":{"rendered":"https:\/\/dgospel.com.br\/portal\/?p=20062"},"modified":"2024-07-17T11:50:27","modified_gmt":"2024-07-17T14:50:27","slug":"leite-ajuda-federal-ao-rs-nao-vem-como-a-propaganda-mostra","status":"publish","type":"post","link":"https:\/\/dgospel.com.br\/portal\/index.php\/2024\/07\/17\/leite-ajuda-federal-ao-rs-nao-vem-como-a-propaganda-mostra\/","title":{"rendered":"Leite: \u201cAjuda federal ao RS n\u00e3o vem como a propaganda mostra\u201d"},"content":{"rendered":"\n<p>O governador do Rio Grande do Sul (RS), Eduardo Leite, lamentou o descumprimento, pelo governo federal, das medidas de ajuda ao estado ap\u00f3s as enchentes de maio. Em entrevista ao programa Amarelas On Air, da Revista Veja, Leite afirmou que h\u00e1 um interesse em ajudar, mas que essa ajuda \u201cn\u00e3o chega como a propaganda mostra\u201d.<\/p>\n\n\n\n<p>A trag\u00e9dia no Rio Grande do Sul deixou mais de 180 mortos.<\/p>\n\n\n\n<p>\u2013 Se sucederam v\u00e1rios an\u00fancios por parte do governo federal, sempre com muitos bilh\u00f5es sendo envolvidos nos an\u00fancios e muita propaganda tamb\u00e9m. Muito comercial. Eu vejo di\u00e1logo, sensibilidade, vejo interesse em ajudar, mas a ajuda efetivamente n\u00e3o chega como a propaganda mostra. Isso incomoda porque est\u00e1 em descompasso com a vida real das pessoas \u2013 explicou o Leite \u00e0 jornalista Marcela Rahal.<\/p>\n\n\n\n<p>Durante a entrevista, o governador tamb\u00e9m explicou uma das iniciativas do governo federal que n\u00e3o est\u00e1 funcionando como foi anunciada.<\/p>\n\n\n\n<p>\u2013 Insistimos muito para que tivesse um programa de manuten\u00e7\u00e3o de emprego e renda. Poderia pegar o que foi feito na pandemia. Funcionou bem (\u2026) N\u00e3o quiseram. Resolveram criar uma coisa diferente (\u2026) Chegaram l\u00e1 e anunciaram um programa para atender 400 mil trabalhadores, ao custo de R$ 1,2 bilh\u00e3o. As informa\u00e7\u00f5es que tenho \u00e9 que o programa contemple 80 mil trabalhadores com cerca de R$ 100 a R$ 130 milh\u00f5es \u2013 explicou.<\/p>\n\n\n\n<figure class=\"wp-block-embed is-type-video is-provider-youtube wp-block-embed-youtube wp-embed-aspect-16-9 wp-has-aspect-ratio\"><div class=\"wp-block-embed__wrapper\">\n<iframe loading=\"lazy\" title=\"Ajuda federal ao RS \u201cn\u00e3o chega como a propaganda mostra\u201d, diz Eduardo Leite | Amarelas On Air\" width=\"630\" height=\"354\" src=\"https:\/\/www.youtube.com\/embed\/BkNUU5GrSDA?start=365&#038;feature=oembed\" frameborder=\"0\" allow=\"accelerometer; autoplay; clipboard-write; encrypted-media; gyroscope; picture-in-picture; web-share\" referrerpolicy=\"strict-origin-when-cross-origin\" allowfullscreen><\/iframe>\n<\/div><\/figure>\n","protected":false},"excerpt":{"rendered":"<p>O governador do Rio Grande do Sul (RS), Eduardo Leite, lamentou o descumprimento, pelo governo federal, das medidas de ajuda ao estado ap\u00f3s as enchentes de maio. Em entrevista ao programa Amarelas On Air, da Revista Veja, Leite afirmou que h\u00e1 um interesse em ajudar, mas que essa ajuda \u201cn\u00e3o chega como a propaganda mostra\u201d. [&hellip;]<\/p>\n","protected":false},"author":2,"featured_media":20063,"comment_status":"open","ping_status":"open","sticky":false,"template":"","format":"standard","meta":[],"categories":[10],"tags":[13],"_links":{"self":[{"href":"https:\/\/dgospel.com.br\/portal\/index.php\/wp-json\/wp\/v2\/posts\/20062"}],"collection":[{"href":"https:\/\/dgospel.com.br\/portal\/index.php\/wp-json\/wp\/v2\/posts"}],"about":[{"href":"https:\/\/dgospel.com.br\/portal\/index.php\/wp-json\/wp\/v2\/types\/post"}],"author":[{"embeddable":true,"href":"https:\/\/dgospel.com.br\/portal\/index.php\/wp-json\/wp\/v2\/users\/2"}],"replies":[{"embeddable":true,"href":"https:\/\/dgospel.com.br\/portal\/index.php\/wp-json\/wp\/v2\/comments?post=20062"}],"version-history":[{"count":1,"href":"https:\/\/dgospel.com.br\/portal\/index.php\/wp-json\/wp\/v2\/posts\/20062\/revisions"}],"predecessor-version":[{"id":20064,"href":"https:\/\/dgospel.com.br\/portal\/index.php\/wp-json\/wp\/v2\/posts\/20062\/revisions\/20064"}],"wp:featuredmedia":[{"embeddable":true,"href":"https:\/\/dgospel.com.br\/portal\/index.php\/wp-json\/wp\/v2\/media\/20063"}],"wp:attachment":[{"href":"https:\/\/dgospel.com.br\/portal\/index.php\/wp-json\/wp\/v2\/media?parent=20062"}],"wp:term":[{"taxonomy":"category","embeddable":true,"href":"https:\/\/dgospel.com.br\/portal\/index.php\/wp-json\/wp\/v2\/categories?post=20062"},{"taxonomy":"post_tag","embeddable":true,"href":"https:\/\/dgospel.com.br\/portal\/index.php\/wp-json\/wp\/v2\/tags?post=20062"}],"curies":[{"name":"wp","href":"https:\/\/api.w.org\/{rel}","templated":true}]}}