{"id":20065,"date":"2024-07-17T11:52:39","date_gmt":"2024-07-17T14:52:39","guid":{"rendered":"https:\/\/dgospel.com.br\/portal\/?p=20065"},"modified":"2024-07-17T11:52:41","modified_gmt":"2024-07-17T14:52:41","slug":"argentina-obtem-1o-superavit-financeiro-semestral-desde-2008","status":"publish","type":"post","link":"https:\/\/dgospel.com.br\/portal\/index.php\/2024\/07\/17\/argentina-obtem-1o-superavit-financeiro-semestral-desde-2008\/","title":{"rendered":"Argentina obt\u00e9m 1\u00ba super\u00e1vit financeiro semestral desde 2008"},"content":{"rendered":"\n<p>A Argentina registrou, ao final de junho, pela primeira vez desde 2008, um semestre com super\u00e1vit financeiro; e tamb\u00e9m conseguiu saldo fiscal prim\u00e1rio positivo, devido ao severo plano de ajuste implementado pelo governo do presidente Javier Milei.<\/p>\n\n\n\n<p>Fontes oficiais informaram nesta ter\u00e7a-feira (16) que a Argentina registrou um super\u00e1vit fiscal prim\u00e1rio de 488,569 bilh\u00f5es de pesos (R$ 2,8 bilh\u00f5es) em junho. No mesmo m\u00eas, no ano passado, o pa\u00eds teve resultado negativo de 611,742 bilh\u00f5es de pesos (R$ 3,5 bilh\u00f5es).<\/p>\n\n\n\n<p>J\u00e1 o resultado financeiro (incluindo os pagamentos do servi\u00e7o da d\u00edvida) foi positivo em junho em 238,189 bilh\u00f5es de pesos (R$ 1,3 bilh\u00f5es), contrastando com um d\u00e9ficit no mesmo m\u00eas do ano passado de 708,603 bilh\u00f5es de pesos (R$ 4,1 bilh\u00f5es).<\/p>\n\n\n\n<p>No primeiro semestre deste ano, a Argentina conseguiu acumular um super\u00e1vit prim\u00e1rio de 6,9 trilh\u00f5es de pesos (40,5 bilh\u00f5es), e no mesmo per\u00edodo de 2023 houve d\u00e9ficit de 1,8 trilh\u00e3o de pesos (R$ 10,5 bilh\u00f5es).<\/p>\n\n\n\n<p>O super\u00e1vit financeiro acumulado no primeiro semestre do ano, por sua vez, foi de 2,57 trilh\u00f5es de pesos (R$ 15,1 bilh\u00f5es), e no primeiro semestre de 2023 foi registrado saldo negativo de 3,1 trilh\u00f5es de pesos (R$ 18,2 bilh\u00f5es).<\/p>\n\n\n\n<p>A mudan\u00e7a de tend\u00eancia observada no primeiro semestre deste ano deve-se ao severo plano de ajuste fiscal implementado por Milei ap\u00f3s sua chegada ao governo em dezembro do ano passado.<\/p>\n\n\n\n<p>\u2013 \u00c9 a primeira vez desde 2008 que seis meses consecutivos de super\u00e1vit financeiro foram alcan\u00e7ados \u2013 disse o governo argentino.<\/p>\n\n\n\n<p>De acordo com dados oficiais, no primeiro semestre do ano o setor p\u00fablico nacional acumulou um super\u00e1vit prim\u00e1rio equivalente a 1,1% do PIB e um super\u00e1vit financeiro de 0,4% do PIB.<\/p>\n\n\n\n<p>De acordo com o relat\u00f3rio, no primeiro semestre do ano, as despesas prim\u00e1rias acumularam uma redu\u00e7\u00e3o de 32% em termos reais.<\/p>\n\n\n\n<p>As maiores quedas reais ocorreram nas despesas de capital (-82% em rela\u00e7\u00e3o ao ano anterior), nas transfer\u00eancias correntes discricion\u00e1rias para as prov\u00edncias (-75%) e em outras despesas correntes (-43%).<\/p>\n\n\n\n<p>Os subs\u00eddios econ\u00f4micos \u2013 que incluem os subs\u00eddios \u00e0 energia \u2013 ca\u00edram 43% em termos reais em rela\u00e7\u00e3o ao ano anterior, apesar das baixas temperaturas registradas desde maio e do fato de que as mudan\u00e7as nas tarifas de energia el\u00e9trica e g\u00e1s em junho n\u00e3o tiveram impacto sobre os n\u00fameros fiscais desse m\u00eas.<\/p>\n\n\n\n<p>*EFE<\/p>\n","protected":false},"excerpt":{"rendered":"<p>A Argentina registrou, ao final de junho, pela primeira vez desde 2008, um semestre com super\u00e1vit financeiro; e tamb\u00e9m conseguiu saldo fiscal prim\u00e1rio positivo, devido ao severo plano de ajuste implementado pelo governo do presidente Javier Milei. Fontes oficiais informaram nesta ter\u00e7a-feira (16) que a Argentina registrou um super\u00e1vit fiscal prim\u00e1rio de 488,569 bilh\u00f5es de [&hellip;]<\/p>\n","protected":false},"author":2,"featured_media":20066,"comment_status":"open","ping_status":"open","sticky":false,"template":"","format":"standard","meta":[],"categories":[12,16],"tags":[],"_links":{"self":[{"href":"https:\/\/dgospel.com.br\/portal\/index.php\/wp-json\/wp\/v2\/posts\/20065"}],"collection":[{"href":"https:\/\/dgospel.com.br\/portal\/index.php\/wp-json\/wp\/v2\/posts"}],"about":[{"href":"https:\/\/dgospel.com.br\/portal\/index.php\/wp-json\/wp\/v2\/types\/post"}],"author":[{"embeddable":true,"href":"https:\/\/dgospel.com.br\/portal\/index.php\/wp-json\/wp\/v2\/users\/2"}],"replies":[{"embeddable":true,"href":"https:\/\/dgospel.com.br\/portal\/index.php\/wp-json\/wp\/v2\/comments?post=20065"}],"version-history":[{"count":1,"href":"https:\/\/dgospel.com.br\/portal\/index.php\/wp-json\/wp\/v2\/posts\/20065\/revisions"}],"predecessor-version":[{"id":20067,"href":"https:\/\/dgospel.com.br\/portal\/index.php\/wp-json\/wp\/v2\/posts\/20065\/revisions\/20067"}],"wp:featuredmedia":[{"embeddable":true,"href":"https:\/\/dgospel.com.br\/portal\/index.php\/wp-json\/wp\/v2\/media\/20066"}],"wp:attachment":[{"href":"https:\/\/dgospel.com.br\/portal\/index.php\/wp-json\/wp\/v2\/media?parent=20065"}],"wp:term":[{"taxonomy":"category","embeddable":true,"href":"https:\/\/dgospel.com.br\/portal\/index.php\/wp-json\/wp\/v2\/categories?post=20065"},{"taxonomy":"post_tag","embeddable":true,"href":"https:\/\/dgospel.com.br\/portal\/index.php\/wp-json\/wp\/v2\/tags?post=20065"}],"curies":[{"name":"wp","href":"https:\/\/api.w.org\/{rel}","templated":true}]}}