{"id":20068,"date":"2024-07-17T11:58:47","date_gmt":"2024-07-17T14:58:47","guid":{"rendered":"https:\/\/dgospel.com.br\/portal\/?p=20068"},"modified":"2024-07-17T12:14:36","modified_gmt":"2024-07-17T15:14:36","slug":"alckmin-defende-haddad-apos-memes-sobre-taxacao-viralizarem","status":"publish","type":"post","link":"https:\/\/dgospel.com.br\/portal\/index.php\/2024\/07\/17\/alckmin-defende-haddad-apos-memes-sobre-taxacao-viralizarem\/","title":{"rendered":"Alckmin defende Haddad ap\u00f3s memes sobre taxa\u00e7\u00e3o viralizarem"},"content":{"rendered":"\n<p>O vice-presidente e ministro do Desenvolvimento, Ind\u00fastria, Com\u00e9rcio e Servi\u00e7os (MDIC), Geraldo Alckmin (PSB), saiu em defesa do ministro da Fazenda, Fernando Haddad, ap\u00f3s circularem brincadeiras que relacionam o nome de Haddad com a alta de impostos. Alckmin fez quest\u00e3o de esclarecer os n\u00fameros e defender as decis\u00f5es tomadas pelo governo.<\/p>\n\n\n\n<p>\u2013 Se pegarmos a carga tribut\u00e1ria de 2022 para 2023, ela n\u00e3o aumentou, pode at\u00e9 dar uma conferida, acho at\u00e9 que caiu \u2013 disse Alckmin em coletiva de imprensa nesta ter\u00e7a-feira (16).<\/p>\n\n\n\n<p>Na fala, o ministro fez quest\u00e3o de buscar os dados na internet para esclarecer.<\/p>\n\n\n\n<p>Segundo ele, a carga tribut\u00e1ria bruta foi de 32,44% do Produto Interno Bruto (PIB) em 2023, ante 33,07% em 2022.<\/p>\n\n\n\n<p>\u2013 Ela n\u00e3o s\u00f3 n\u00e3o aumentou como caiu \u2013 pontuou.<\/p>\n\n\n\n<p>Na avalia\u00e7\u00e3o de Alckmin, a reforma tribut\u00e1ria simplifica impostos, desonera exporta\u00e7\u00e3o e investimento. Segundo ele, n\u00e3o h\u00e1 aumento de impostos na reforma, mas uma simplifica\u00e7\u00e3o.<\/p>\n\n\n\n<p>O ministro aproveitou para tamb\u00e9m defender Haddad sobre a taxa\u00e7\u00e3o das compras internacionais acima de 50 d\u00f3lares.<\/p>\n\n\n\n<p>\u2013 A quest\u00e3o da taxa\u00e7\u00e3o das compras internacionais acima dos 50 d\u00f3lares \u00e9 que a gente precisa preservar o emprego \u2013 comentou.<\/p>\n\n\n\n<p>E completou:<\/p>\n\n\n\n<p>\u2013 Se voc\u00ea for verificar a ind\u00fastria, quando voc\u00ea soma todos os tributos, d\u00e1 quase 80%. Ent\u00e3o, o que se est\u00e1 buscando \u00e9 ter uma lealdade concorrencial, n\u00e3o \u00e9 criar nada \u2013 defendeu o chefe do MDIC.<\/p>\n\n\n\n<p>Diante das \u00faltimas medidas tomadas por Haddad, o ministro passou a receber um novo apelido nas redes sociais: Taxadd. As cr\u00edticas se intensificaram nos \u00faltimos dias, com a aprova\u00e7\u00e3o da regulamenta\u00e7\u00e3o da reforma tribut\u00e1ria na C\u00e2mara e a chamada \u201ctaxa das blusinhas\u201d.<\/p>\n\n\n\n<p><\/p>\n\n\n\n<figure class=\"wp-container-2 wp-block-gallery-1 wp-block-gallery has-nested-images columns-default is-cropped\">\n<figure class=\"wp-block-image size-large\"><img loading=\"lazy\" width=\"478\" height=\"679\" data-id=\"20079\"  src=\"https:\/\/dgospel.com.br\/portal\/wp-content\/uploads\/2024\/07\/005.jpeg\" alt=\"\" class=\"wp-image-20079\" srcset=\"https:\/\/dgospel.com.br\/portal\/wp-content\/uploads\/2024\/07\/005.jpeg 478w, https:\/\/dgospel.com.br\/portal\/wp-content\/uploads\/2024\/07\/005-211x300.jpeg 211w\" sizes=\"(max-width: 478px) 100vw, 478px\" \/><\/figure>\n\n\n\n<figure class=\"wp-block-image size-large\"><img loading=\"lazy\" width=\"768\" height=\"758\" data-id=\"20075\"  src=\"https:\/\/dgospel.com.br\/portal\/wp-content\/uploads\/2024\/07\/006-768x758-1.webp\" alt=\"\" class=\"wp-image-20075\" srcset=\"https:\/\/dgospel.com.br\/portal\/wp-content\/uploads\/2024\/07\/006-768x758-1.webp 768w, https:\/\/dgospel.com.br\/portal\/wp-content\/uploads\/2024\/07\/006-768x758-1-300x296.webp 300w\" sizes=\"(max-width: 768px) 100vw, 768px\" \/><\/figure>\n\n\n\n<figure class=\"wp-block-image size-large\"><img loading=\"lazy\" width=\"768\" height=\"768\" data-id=\"20074\"  src=\"https:\/\/dgospel.com.br\/portal\/wp-content\/uploads\/2024\/07\/007-768x768-1.webp\" alt=\"\" class=\"wp-image-20074\" srcset=\"https:\/\/dgospel.com.br\/portal\/wp-content\/uploads\/2024\/07\/007-768x768-1.webp 768w, https:\/\/dgospel.com.br\/portal\/wp-content\/uploads\/2024\/07\/007-768x768-1-300x300.webp 300w, https:\/\/dgospel.com.br\/portal\/wp-content\/uploads\/2024\/07\/007-768x768-1-150x150.webp 150w\" sizes=\"(max-width: 768px) 100vw, 768px\" \/><\/figure>\n\n\n\n<figure class=\"wp-block-image size-large\"><img loading=\"lazy\" width=\"768\" height=\"768\" data-id=\"20071\"  src=\"https:\/\/dgospel.com.br\/portal\/wp-content\/uploads\/2024\/07\/008-768x768-1.webp\" alt=\"\" class=\"wp-image-20071\" srcset=\"https:\/\/dgospel.com.br\/portal\/wp-content\/uploads\/2024\/07\/008-768x768-1.webp 768w, https:\/\/dgospel.com.br\/portal\/wp-content\/uploads\/2024\/07\/008-768x768-1-300x300.webp 300w, https:\/\/dgospel.com.br\/portal\/wp-content\/uploads\/2024\/07\/008-768x768-1-150x150.webp 150w\" sizes=\"(max-width: 768px) 100vw, 768px\" \/><\/figure>\n\n\n\n<figure class=\"wp-block-image size-large\"><img loading=\"lazy\" width=\"417\" height=\"604\" data-id=\"20072\"  src=\"https:\/\/dgospel.com.br\/portal\/wp-content\/uploads\/2024\/07\/009.webp\" alt=\"\" class=\"wp-image-20072\" srcset=\"https:\/\/dgospel.com.br\/portal\/wp-content\/uploads\/2024\/07\/009.webp 417w, https:\/\/dgospel.com.br\/portal\/wp-content\/uploads\/2024\/07\/009-207x300.webp 207w\" sizes=\"(max-width: 417px) 100vw, 417px\" \/><\/figure>\n\n\n\n<figure class=\"wp-block-image size-large\"><img loading=\"lazy\" width=\"768\" height=\"432\" data-id=\"20077\"  src=\"https:\/\/dgospel.com.br\/portal\/wp-content\/uploads\/2024\/07\/GSnkAv7W4AAeiAd-768x432-1.jpeg\" alt=\"\" class=\"wp-image-20077\" srcset=\"https:\/\/dgospel.com.br\/portal\/wp-content\/uploads\/2024\/07\/GSnkAv7W4AAeiAd-768x432-1.jpeg 768w, https:\/\/dgospel.com.br\/portal\/wp-content\/uploads\/2024\/07\/GSnkAv7W4AAeiAd-768x432-1-300x169.jpeg 300w\" sizes=\"(max-width: 768px) 100vw, 768px\" \/><\/figure>\n\n\n\n<figure class=\"wp-block-image size-large\"><img loading=\"lazy\" width=\"768\" height=\"369\" data-id=\"20073\"  src=\"https:\/\/dgospel.com.br\/portal\/wp-content\/uploads\/2024\/07\/001-768x369-1.jpeg\" alt=\"\" class=\"wp-image-20073\" srcset=\"https:\/\/dgospel.com.br\/portal\/wp-content\/uploads\/2024\/07\/001-768x369-1.jpeg 768w, https:\/\/dgospel.com.br\/portal\/wp-content\/uploads\/2024\/07\/001-768x369-1-300x144.jpeg 300w\" sizes=\"(max-width: 768px) 100vw, 768px\" \/><\/figure>\n\n\n\n<figure class=\"wp-block-image size-large\"><img loading=\"lazy\" width=\"697\" height=\"1024\" data-id=\"20078\"  src=\"https:\/\/dgospel.com.br\/portal\/wp-content\/uploads\/2024\/07\/002-768x1128-1-697x1024.webp\" alt=\"\" class=\"wp-image-20078\" srcset=\"https:\/\/dgospel.com.br\/portal\/wp-content\/uploads\/2024\/07\/002-768x1128-1-697x1024.webp 697w, https:\/\/dgospel.com.br\/portal\/wp-content\/uploads\/2024\/07\/002-768x1128-1-204x300.webp 204w, https:\/\/dgospel.com.br\/portal\/wp-content\/uploads\/2024\/07\/002-768x1128-1.webp 768w\" sizes=\"(max-width: 697px) 100vw, 697px\" \/><\/figure>\n\n\n\n<figure class=\"wp-block-image size-large\"><img loading=\"lazy\" width=\"768\" height=\"929\" data-id=\"20080\"  src=\"https:\/\/dgospel.com.br\/portal\/wp-content\/uploads\/2024\/07\/003-768x929-1.webp\" alt=\"\" class=\"wp-image-20080\" srcset=\"https:\/\/dgospel.com.br\/portal\/wp-content\/uploads\/2024\/07\/003-768x929-1.webp 768w, https:\/\/dgospel.com.br\/portal\/wp-content\/uploads\/2024\/07\/003-768x929-1-248x300.webp 248w\" sizes=\"(max-width: 768px) 100vw, 768px\" \/><\/figure>\n\n\n\n<figure class=\"wp-block-image size-large\"><img loading=\"lazy\" width=\"768\" height=\"960\" data-id=\"20076\"  src=\"https:\/\/dgospel.com.br\/portal\/wp-content\/uploads\/2024\/07\/004-768x960-1.webp\" alt=\"\" class=\"wp-image-20076\" srcset=\"https:\/\/dgospel.com.br\/portal\/wp-content\/uploads\/2024\/07\/004-768x960-1.webp 768w, https:\/\/dgospel.com.br\/portal\/wp-content\/uploads\/2024\/07\/004-768x960-1-240x300.webp 240w\" sizes=\"(max-width: 768px) 100vw, 768px\" \/><\/figure>\n<\/figure>\n\n\n\n<p>*AE<\/p>\n","protected":false},"excerpt":{"rendered":"<p>O vice-presidente e ministro do Desenvolvimento, Ind\u00fastria, Com\u00e9rcio e Servi\u00e7os (MDIC), Geraldo Alckmin (PSB), saiu em defesa do ministro da Fazenda, Fernando Haddad, ap\u00f3s circularem brincadeiras que relacionam o nome de Haddad com a alta de impostos. Alckmin fez quest\u00e3o de esclarecer os n\u00fameros e defender as decis\u00f5es tomadas pelo governo. \u2013 Se pegarmos a [&hellip;]<\/p>\n","protected":false},"author":2,"featured_media":20069,"comment_status":"open","ping_status":"open","sticky":false,"template":"","format":"standard","meta":[],"categories":[12,4],"tags":[],"_links":{"self":[{"href":"https:\/\/dgospel.com.br\/portal\/index.php\/wp-json\/wp\/v2\/posts\/20068"}],"collection":[{"href":"https:\/\/dgospel.com.br\/portal\/index.php\/wp-json\/wp\/v2\/posts"}],"about":[{"href":"https:\/\/dgospel.com.br\/portal\/index.php\/wp-json\/wp\/v2\/types\/post"}],"author":[{"embeddable":true,"href":"https:\/\/dgospel.com.br\/portal\/index.php\/wp-json\/wp\/v2\/users\/2"}],"replies":[{"embeddable":true,"href":"https:\/\/dgospel.com.br\/portal\/index.php\/wp-json\/wp\/v2\/comments?post=20068"}],"version-history":[{"count":2,"href":"https:\/\/dgospel.com.br\/portal\/index.php\/wp-json\/wp\/v2\/posts\/20068\/revisions"}],"predecessor-version":[{"id":20082,"href":"https:\/\/dgospel.com.br\/portal\/index.php\/wp-json\/wp\/v2\/posts\/20068\/revisions\/20082"}],"wp:featuredmedia":[{"embeddable":true,"href":"https:\/\/dgospel.com.br\/portal\/index.php\/wp-json\/wp\/v2\/media\/20069"}],"wp:attachment":[{"href":"https:\/\/dgospel.com.br\/portal\/index.php\/wp-json\/wp\/v2\/media?parent=20068"}],"wp:term":[{"taxonomy":"category","embeddable":true,"href":"https:\/\/dgospel.com.br\/portal\/index.php\/wp-json\/wp\/v2\/categories?post=20068"},{"taxonomy":"post_tag","embeddable":true,"href":"https:\/\/dgospel.com.br\/portal\/index.php\/wp-json\/wp\/v2\/tags?post=20068"}],"curies":[{"name":"wp","href":"https:\/\/api.w.org\/{rel}","templated":true}]}}